{"id":202011,"date":"2026-04-30T13:19:45","date_gmt":"2026-04-30T16:19:45","guid":{"rendered":"https:\/\/cdnoticias.com\/?p=202011"},"modified":"2026-04-30T16:31:02","modified_gmt":"2026-04-30T19:31:02","slug":"suba-de-la-tarifa-de-gas-desde-mayo-para-olavarria-es-de-43","status":"publish","type":"post","link":"https:\/\/cdnoticias.com\/index.php\/2026\/04\/30\/suba-de-la-tarifa-de-gas-desde-mayo-para-olavarria-es-de-43\/","title":{"rendered":"Suba de la tarifa de gas desde mayo: para Olavarr\u00eda es de 4,3%"},"content":{"rendered":"<p>La actualizaci\u00f3n fue dispuesta por el Enargas. Incorpora el Precio Anual Uniforme, la revisi\u00f3n quinquenal y ajustes por diferencias acumuladas. Los decretos alcanzan a CABA, el conurbano y el resto de la provincia de Buenos Aires.<\/p>\n\n\n<hr class=\"wp-block-separator has-alpha-channel-opacity\"\/>\n\n\n\n<!--more-->\n\n\n\n<p><\/p>\n\n\n\n<p>El <strong>Gobierno de Javier Milei<\/strong> aprob\u00f3 nuevos <strong>aumentos en la tarifa de gas<\/strong> que comenzar\u00e1n a <strong>regir desde este viernes 1 de mayo<\/strong>, en el marco del <strong>proceso de actualizaci\u00f3n del sistema energ\u00e9tico<\/strong>. La medida fue oficializada a trav\u00e9s de la<strong> Resoluci\u00f3n 463\/2026 del Ente Nacional Regulador del Gas (Enargas)<\/strong>, publicada en el Bolet\u00edn Oficial.<\/p>\n\n\n\n<p><\/p>\n\n\n\n<p>La normativa establece <strong>nuevos cuadros tarifarios<\/strong> para <strong>Metrogas <\/strong>en el \u00c1rea Metropolitana de Buenos Aires (AMBA), en l\u00ednea con los criterios definidos por la Secretar\u00eda de Energ\u00eda y el Ministerio de Econom\u00eda, en un contexto de emergencia energ\u00e9tica vigente desde 2023. Tambi\u00e9n contempla un <strong>ajuste en el interior bonaerense de la mano de la prestadora Camuzzi Gas Pampeana.<\/strong><\/p>\n\n\n\n<p><\/p>\n\n\n\n<p>Las nuevas tarifas se enmarcan en la profunda <strong>reconfiguraci\u00f3n del sistema de transporte de gas natural <\/strong>impulsada por la Secretar\u00eda de Energ\u00eda. Esta normativa orden\u00f3 la reasignaci\u00f3n de capacidades de transporte y la definici\u00f3n de rutas espec\u00edficas para cada licenciataria, incluidas nuevas reglas para la asignaci\u00f3n de capacidad disponible. El objetivo declarado es garantizar la <strong>seguridad de abastecimiento, la eficiencia operativa y la equidad en el acceso al servicio<\/strong>.<\/p>\n\n\n\n<p><\/p>\n\n\n\n<p>El esquema contempla distintos componentes regulatorios, entre ellos la<strong> incorporaci\u00f3n del Precio Anual Uniforme (PAU), la aplicaci\u00f3n de la Revisi\u00f3n Quinquenal Tarifaria (RQT) 2025-2030 y el traslado de las Diferencias Diarias Acumuladas (DDA)<\/strong>.<\/p>\n\n\n\n<p><\/p>\n\n\n\n<figure class=\"wp-block-image size-full\"><img data-recalc-dims=\"1\" loading=\"lazy\" decoding=\"async\" width=\"800\" height=\"446\" src=\"https:\/\/i0.wp.com\/cdnoticias.com\/wp-content\/uploads\/2024\/06\/calefaccion-a-gas-calefactor.jpg?resize=800%2C446&#038;ssl=1\" alt=\"\" class=\"wp-image-117758\" srcset=\"https:\/\/i0.wp.com\/cdnoticias.com\/wp-content\/uploads\/2024\/06\/calefaccion-a-gas-calefactor.jpg?w=800&amp;ssl=1 800w, https:\/\/i0.wp.com\/cdnoticias.com\/wp-content\/uploads\/2024\/06\/calefaccion-a-gas-calefactor.jpg?resize=300%2C167&amp;ssl=1 300w, https:\/\/i0.wp.com\/cdnoticias.com\/wp-content\/uploads\/2024\/06\/calefaccion-a-gas-calefactor.jpg?resize=768%2C428&amp;ssl=1 768w\" sizes=\"auto, (max-width: 800px) 100vw, 800px\" \/><\/figure>\n\n\n\n<p><\/p>\n\n\n\n<h2 class=\"wp-block-heading\">Los detalles del nuevo aumento de la tarifa de gas<\/h2>\n\n\n\n<p><\/p>\n\n\n\n<p>Seg\u00fan lo dispuesto, de <strong>la provincia de Buenos Aires<\/strong> por fuera del conurbano, entre ellos los de <strong>Olavarr\u00eda<\/strong> est\u00e1n alcanzados por lo dispuesto para la <strong>prestadora Camuzzi Gas Pampeana tendr\u00e1n el incremento de mayor volumen<\/strong>.<\/p>\n\n\n\n<p><\/p>\n\n\n\n<blockquote class=\"wp-block-quote is-layout-flow wp-block-quote-is-layout-flow\">\n<p>De la comparativa del cuadro tarifario actual y el de mayo surge que la suba va a ser en torno al 4,3%. Para la categor\u00eda R1 el cargo fijo aumenta de $3.889,24 a $4.057,95 y el cargo variable un 10% (de $245,55 a $270,22). Mientras que en la R4 pasar\u00e1 de $26.332 a $27.474.<\/p>\n<\/blockquote>\n\n\n\n<p><\/p>\n\n\n\n<p>Desde el Ministerio de Econom\u00eda se\u00f1alaron que<strong> la actualizaci\u00f3n responde a la necesidad de avanzar en una recomposici\u00f3n gradual de tarifas<\/strong> para reflejar los <strong>costos reales del sistema<\/strong>, en l\u00ednea con los <strong>par\u00e1metros definidos para el sector energ\u00e9tico<\/strong>.<\/p>\n\n\n\n<p><\/p>\n\n\n\n<p>En tanto, los<strong> valores en la Ciudad de Buenos Aires y el conurbano bonaerense<\/strong> var\u00edan seg\u00fan categor\u00eda y nivel de consumo. En los <strong>segmentos de mayor demanda (R4)<\/strong>, el cargo por consumo asciende a <strong>$426,68 por metro <\/strong>c\u00fabico en Ciudad de Buenos Aires y a<strong> $387,12 <\/strong>en provincia de Buenos Aires, mientras que para el resto de los usuarios residenciales la tarifa se establece en $281,33 por metro c\u00fabico en ambas jurisdicciones.<\/p>\n\n\n\n<p><\/p>\n\n\n\n<p>Los valores del <strong>cargo fijo mensual <\/strong>tambi\u00e9n var\u00edan de acuerdo a la categor\u00eda: en la escala R1, los usuarios abonan $3.976,22 en la ciudad y $4.591,88 en la provincia, y en la categor\u00eda R4, el importe sube a $94.995,74 en la Capital Federal y a $51.624,44 en territorio bonaerense. Las categor\u00edas intermedias presentan incrementos progresivos entre ambos extremos.<\/p>\n\n\n\n<p><\/p>\n\n\n\n<p>Fuente: <em>Agencia DIB<\/em><\/p>\n\n\n\n<p><\/p>\n","protected":false},"excerpt":{"rendered":"<p>La actualizaci\u00f3n fue dispuesta por el Enargas. Incorpora el Precio Anual Uniforme, la revisi\u00f3n quinquenal y ajustes por diferencias acumuladas.<\/p>\n","protected":false},"author":4,"featured_media":120677,"comment_status":"closed","ping_status":"closed","sticky":false,"template":"","format":"standard","meta":{"_jetpack_memberships_contains_paid_content":false,"footnotes":""},"categories":[5,1],"tags":[],"class_list":["post-202011","post","type-post","status-publish","format-standard","has-post-thumbnail","hentry","category-informacion-general","category-portada"],"jetpack_featured_media_url":"https:\/\/i0.wp.com\/cdnoticias.com\/wp-content\/uploads\/2024\/07\/camuzzi-facturas-gas-00.jpg?fit=800%2C445&ssl=1","jetpack_sharing_enabled":true,"_links":{"self":[{"href":"https:\/\/cdnoticias.com\/index.php\/wp-json\/wp\/v2\/posts\/202011","targetHints":{"allow":["GET"]}}],"collection":[{"href":"https:\/\/cdnoticias.com\/index.php\/wp-json\/wp\/v2\/posts"}],"about":[{"href":"https:\/\/cdnoticias.com\/index.php\/wp-json\/wp\/v2\/types\/post"}],"author":[{"embeddable":true,"href":"https:\/\/cdnoticias.com\/index.php\/wp-json\/wp\/v2\/users\/4"}],"replies":[{"embeddable":true,"href":"https:\/\/cdnoticias.com\/index.php\/wp-json\/wp\/v2\/comments?post=202011"}],"version-history":[{"count":0,"href":"https:\/\/cdnoticias.com\/index.php\/wp-json\/wp\/v2\/posts\/202011\/revisions"}],"wp:featuredmedia":[{"embeddable":true,"href":"https:\/\/cdnoticias.com\/index.php\/wp-json\/wp\/v2\/media\/120677"}],"wp:attachment":[{"href":"https:\/\/cdnoticias.com\/index.php\/wp-json\/wp\/v2\/media?parent=202011"}],"wp:term":[{"taxonomy":"category","embeddable":true,"href":"https:\/\/cdnoticias.com\/index.php\/wp-json\/wp\/v2\/categories?post=202011"},{"taxonomy":"post_tag","embeddable":true,"href":"https:\/\/cdnoticias.com\/index.php\/wp-json\/wp\/v2\/tags?post=202011"}],"curies":[{"name":"wp","href":"https:\/\/api.w.org\/{rel}","templated":true}]}}