{"id":202003,"date":"2026-04-30T12:54:06","date_gmt":"2026-04-30T15:54:06","guid":{"rendered":"https:\/\/cdnoticias.com\/?p=202003"},"modified":"2026-04-30T16:31:14","modified_gmt":"2026-04-30T19:31:14","slug":"este-jueves-se-entregan-los-kits-para-la-vuelta-al-municipio-en-olavarria","status":"publish","type":"post","link":"https:\/\/cdnoticias.com\/index.php\/2026\/04\/30\/este-jueves-se-entregan-los-kits-para-la-vuelta-al-municipio-en-olavarria\/","title":{"rendered":"Este jueves se entregan los kits para la Vuelta al Municipio en Olavarr\u00eda"},"content":{"rendered":"\n<p>La entrega se realizar\u00e1 en el Parque Helios Eseverri entre las 16 y las 21 horas. Ma\u00f1ana ser\u00e1 el turno de los atletas que llegan desde otras localidades.<\/p>\n\n\n\n<hr class=\"wp-block-separator has-alpha-channel-opacity\"\/>\n\n\n\n<p>La 37\u00b0 edici\u00f3n de la Vuelta al Municipio (VAMO) comienza a palpitarse este jueves con la entrega de kits para los deportistas locales, en una jornada clave en la previa de la tradicional competencia.<\/p>\n\n\n\n<p><\/p>\n\n\n\n<p>La actividad <strong>se desarrollar\u00e1 entre las 16:00 y las 21:00 horas en el Parque Helios Eseverri<\/strong>, donde los participantes deber\u00e1n presentarse con la documentaci\u00f3n firmada, el comprobante de pago de la tasa y el apto m\u00e9dico correspondiente para poder retirar su kit.<\/p>\n\n\n\n<p><\/p>\n\n\n\n<p>Desde la organizaci\u00f3n se record\u00f3 que<strong> esta instancia est\u00e1 destinada exclusivamente a atletas de Olavarr\u00eda<\/strong>. En tanto, <strong>quienes lleguen desde otras localidades deber\u00e1n retirar sus kits ma\u00f1ana viernes 1\u00b0 de mayo, de 08:00 a 10:00 horas, en el mismo predio.<\/strong> Ese d\u00eda no se realizar\u00e1 entrega para competidores locales.<\/p>\n\n\n\n<p><\/p>\n\n\n\n<blockquote class=\"wp-block-quote is-layout-flow wp-block-quote-is-layout-flow\">\n<p>La entrega de kits forma parte de la antesala de una nueva edici\u00f3n de la Vuelta al Municipio, que se correr\u00e1 este viernes con epicentro tambi\u00e9n en el Parque Helios Eseverri y que, en esta oportunidad, sumar\u00e1 un circuito de Mountain Bike adem\u00e1s de las tradicionales pruebas pedestres de 3, 5 y 10 kil\u00f3metros.<\/p>\n<\/blockquote>\n\n\n\n<p><\/p>\n\n\n\n<p>La largada ser\u00e1 desde la intersecci\u00f3n de avenida de los Trabajadores y Lavalle: <strong>a las 10:00 horas comenzar\u00e1 la prueba de MTB, a las 11:00 largar\u00e1n las distancias de 5 y 10 kil\u00f3metros, y a las 13:00 ser\u00e1 el turno de los 3 kil\u00f3metros<\/strong>. La jornada culminar\u00e1 a las 14:00 con la entrega de premios.<\/p>\n","protected":false},"excerpt":{"rendered":"<p>La entrega se realizar\u00e1 en el Parque Helios Eseverri entre las 16 y las 21 horas. Ma\u00f1ana ser\u00e1 el turno<\/p>\n","protected":false},"author":5,"featured_media":202005,"comment_status":"closed","ping_status":"closed","sticky":false,"template":"","format":"standard","meta":{"_jetpack_memberships_contains_paid_content":false,"footnotes":""},"categories":[29,5,1],"tags":[],"class_list":["post-202003","post","type-post","status-publish","format-standard","has-post-thumbnail","hentry","category-deportes","category-informacion-general","category-portada"],"jetpack_featured_media_url":"https:\/\/i0.wp.com\/cdnoticias.com\/wp-content\/uploads\/2026\/04\/vamo-flyer.png?fit=800%2C445&ssl=1","jetpack_sharing_enabled":true,"_links":{"self":[{"href":"https:\/\/cdnoticias.com\/index.php\/wp-json\/wp\/v2\/posts\/202003","targetHints":{"allow":["GET"]}}],"collection":[{"href":"https:\/\/cdnoticias.com\/index.php\/wp-json\/wp\/v2\/posts"}],"about":[{"href":"https:\/\/cdnoticias.com\/index.php\/wp-json\/wp\/v2\/types\/post"}],"author":[{"embeddable":true,"href":"https:\/\/cdnoticias.com\/index.php\/wp-json\/wp\/v2\/users\/5"}],"replies":[{"embeddable":true,"href":"https:\/\/cdnoticias.com\/index.php\/wp-json\/wp\/v2\/comments?post=202003"}],"version-history":[{"count":0,"href":"https:\/\/cdnoticias.com\/index.php\/wp-json\/wp\/v2\/posts\/202003\/revisions"}],"wp:featuredmedia":[{"embeddable":true,"href":"https:\/\/cdnoticias.com\/index.php\/wp-json\/wp\/v2\/media\/202005"}],"wp:attachment":[{"href":"https:\/\/cdnoticias.com\/index.php\/wp-json\/wp\/v2\/media?parent=202003"}],"wp:term":[{"taxonomy":"category","embeddable":true,"href":"https:\/\/cdnoticias.com\/index.php\/wp-json\/wp\/v2\/categories?post=202003"},{"taxonomy":"post_tag","embeddable":true,"href":"https:\/\/cdnoticias.com\/index.php\/wp-json\/wp\/v2\/tags?post=202003"}],"curies":[{"name":"wp","href":"https:\/\/api.w.org\/{rel}","templated":true}]}}