{"id":201995,"date":"2026-04-30T11:28:24","date_gmt":"2026-04-30T14:28:24","guid":{"rendered":"https:\/\/cdnoticias.com\/?p=201995"},"modified":"2026-04-30T13:20:44","modified_gmt":"2026-04-30T16:20:44","slug":"alertan-por-escasez-de-vacunas-advierten-demoras-y-baja-provision-nacional","status":"publish","type":"post","link":"https:\/\/cdnoticias.com\/index.php\/2026\/04\/30\/alertan-por-escasez-de-vacunas-advierten-demoras-y-baja-provision-nacional\/","title":{"rendered":"Alertan por escasez de vacunas antigripales: advierten demoras y baja provisi\u00f3n nacional"},"content":{"rendered":"\n<p>Desde el Colegio de Farmac\u00e9uticos de Olavarr\u00eda remarcan que la provisi\u00f3n es menor a otros a\u00f1os. Tambi\u00e9n advierten sobre riesgos sanitarios si no se revierte la situaci\u00f3n.<\/p>\n\n\n\n<hr class=\"wp-block-separator has-alpha-channel-opacity\"\/>\n\n\n\n<p>La<strong> presidenta del Colegio de Farmac\u00e9uticos de Olavarr\u00eda, Celeste Fern\u00e1ndez Ch\u00e1vez,<\/strong> advirti\u00f3 sobre un marcado faltante de vacunas antigripales que afecta tanto al distrito como a nivel nacional, en un contexto que calific\u00f3 como m\u00e1s cr\u00edtico que el de a\u00f1os anteriores. <strong>\u201cEste es un tema que lamentablemente se da todos los a\u00f1os, pero este a\u00f1o se ha agravado un poco m\u00e1s\u201d<\/strong>, se\u00f1al\u00f3.<\/p>\n\n\n\n<p><\/p>\n\n\n\n<p>En ese sentido, en di\u00e1logo con <strong>Levantate por Radio Sapiens<\/strong> remarc\u00f3 que el problema se evidenci\u00f3 desde el inicio de la campa\u00f1a. \u201cYa desde un principio la cantidad de vacunas circulantes ha sido muy escasa\u201d y sintetiz\u00f3 la situaci\u00f3n:<strong> \u201cla realidad es que no hay\u201d.<\/strong><\/p>\n\n\n\n<p><\/p>\n\n\n\n<p>Uno de los sectores m\u00e1s afectados es el de los <strong>afiliados de PAMI.<\/strong> Fern\u00e1ndez Ch\u00e1vez explic\u00f3 que, a diferencia de otros a\u00f1os, no se recibi\u00f3 el volumen habitual de dosis: \u201cgeneralmente a los 10 o 15 d\u00edas se env\u00eda el grueso de las vacunas, pero este a\u00f1o no ha sucedido\u201d.<strong> En su farmacia, detall\u00f3, solo llegaron \u201ctres tandas de 10 vacunas\u201d, es decir, 30 en total, cuando el a\u00f1o pasado a esta altura ya se hab\u00edan aplicado m\u00e1s de 100.<\/strong><\/p>\n\n\n\n<p><\/p>\n\n\n\n<p>La profesional refiri\u00f3 que &#8220;hice una averiguaci\u00f3n  con el Colegio Central a ver si esto estaba pasando en toda la provincia o en todo el pa\u00eds y lo que me manifiestan es que en realidad<strong> la compra que se hizo de vacunas este a\u00f1o fue absolutamente escasa<\/strong>&#8220;. <\/p>\n\n\n\n<p><\/p>\n\n\n\n<blockquote class=\"wp-block-quote is-layout-flow wp-block-quote-is-layout-flow\">\n<p>De acuerdo a la informaci\u00f3n relevada por el Colegio, el origen del problema estar\u00eda en la cantidad de dosis adquiridas: \u201cSe compraron unas 800 mil vacunas cuando tenemos 5 millones de afiliados de PAMI\u201d, indic\u00f3, marcando el desfasaje entre la compra y la demanda real.<\/p>\n<\/blockquote>\n\n\n\n<p><\/p>\n\n\n\n<p>El faltante, adem\u00e1s, se extiende a <strong>otras vacunas del calendario<\/strong>. \u201cEst\u00e1 sucediendo con<strong> varicela, BCG, HPV<\/strong>\u201d, enumer\u00f3, y agreg\u00f3 que \u201caparentemente hay un faltante de vacunas pedi\u00e1tricas de COVID\u201d, seg\u00fan lo informado por vacunatorios.<\/p>\n\n\n\n<p><\/p>\n\n\n\n<p>Ante este escenario, algunos pacientes optan por alternativas. <strong>\u201cMucha gente ha optado por la adquisici\u00f3n privada\u201d,<\/strong> explic\u00f3. Sin embargo, incluso en ese circuito comienzan a registrarse dificultades: \u201cHasta la semana pasada ten\u00edamos stock permanente, ahora hay un faltante, pero est\u00e1n por entrar dosis\u201d.<\/p>\n\n\n\n<p><\/p>\n\n\n\n<p>En cuanto al costo, precis\u00f3 que si alguien quiere comprarla de forma particular<strong> \u201cla vacuna est\u00e1 entre 60 y 70 mil pesos\u201d,<\/strong> lo que limita el acceso para una parte de la poblaci\u00f3n.<\/p>\n\n\n\n<p><\/p>\n\n\n\n<p>Fern\u00e1ndez Ch\u00e1vez tambi\u00e9n advirti\u00f3 sobre las <strong>consecuencias sanitarias del retraso en la campa\u00f1a<\/strong>. \u201cSiempre se trata de vacunar antes de que empiecen los fr\u00edos m\u00e1s complicados\u201d, explic\u00f3, y agreg\u00f3 que este a\u00f1o<strong> \u201cvenimos muy demorados\u201d.<\/strong><\/p>\n\n\n\n<p><\/p>\n\n\n\n<p>Finalmente, alert\u00f3 sobre un riesgo mayor. <strong>\u201cSi la gente deja de vacunarse, pueden volver a aparecer enfermedades\u201d,<\/strong> incluso aquellas con baja incidencia o controladas.<\/p>\n\n\n\n<p><\/p>\n\n\n\n<p>En ese sentido, consider\u00f3 que<strong> la soluci\u00f3n depender\u00e1 de decisiones a nivel nacional:<\/strong> \u201csi ma\u00f1ana salen a comprar vacunas, la situaci\u00f3n se revierte\u201d, aunque aclar\u00f3 que responde a una pol\u00edtica p\u00fablica sobre la que no hay certezas de cambios inmediatos.<\/p>\n\n\n\n<p><\/p>\n\n\n\n<figure class=\"wp-block-embed is-type-wp-embed is-provider-central-de-noticias-olavarr-a wp-block-embed-central-de-noticias-olavarr-a\"><div class=\"wp-block-embed__wrapper\">\n<blockquote class=\"wp-embedded-content\" data-secret=\"8BwK3pMvlG\"><a href=\"https:\/\/cdnoticias.com\/index.php\/2026\/04\/30\/desde-la-provincia-advierten-por-la-escasez-de-vacunas-cuales-faltan\/\">Desde la Provincia advierten por la escasez de vacunas: cu\u00e1les faltan<\/a><\/blockquote><iframe loading=\"lazy\" class=\"wp-embedded-content\" sandbox=\"allow-scripts\" security=\"restricted\" style=\"position: absolute; visibility: hidden;\" title=\"&#8220;Desde la Provincia advierten por la escasez de vacunas: cu\u00e1les faltan&#8221; &#8212; Central de Noticias | Olavarr\u00eda\" src=\"https:\/\/cdnoticias.com\/index.php\/2026\/04\/30\/desde-la-provincia-advierten-por-la-escasez-de-vacunas-cuales-faltan\/embed\/#?secret=mZFUuBadJp#?secret=8BwK3pMvlG\" data-secret=\"8BwK3pMvlG\" width=\"600\" height=\"338\" frameborder=\"0\" marginwidth=\"0\" marginheight=\"0\" scrolling=\"no\"><\/iframe>\n<\/div><\/figure>\n","protected":false},"excerpt":{"rendered":"<p>Desde el Colegio de Farmac\u00e9uticos de Olavarr\u00eda remarcan que la provisi\u00f3n es menor a otros a\u00f1os. Tambi\u00e9n advierten sobre riesgos<\/p>\n","protected":false},"author":5,"featured_media":169988,"comment_status":"closed","ping_status":"closed","sticky":false,"template":"","format":"standard","meta":{"_jetpack_memberships_contains_paid_content":false,"footnotes":""},"categories":[5,1],"tags":[],"class_list":["post-201995","post","type-post","status-publish","format-standard","has-post-thumbnail","hentry","category-informacion-general","category-portada"],"jetpack_featured_media_url":"https:\/\/i0.wp.com\/cdnoticias.com\/wp-content\/uploads\/2025\/04\/celeste-fernandez-chaves-03.jpg?fit=1000%2C556&ssl=1","jetpack_sharing_enabled":true,"_links":{"self":[{"href":"https:\/\/cdnoticias.com\/index.php\/wp-json\/wp\/v2\/posts\/201995","targetHints":{"allow":["GET"]}}],"collection":[{"href":"https:\/\/cdnoticias.com\/index.php\/wp-json\/wp\/v2\/posts"}],"about":[{"href":"https:\/\/cdnoticias.com\/index.php\/wp-json\/wp\/v2\/types\/post"}],"author":[{"embeddable":true,"href":"https:\/\/cdnoticias.com\/index.php\/wp-json\/wp\/v2\/users\/5"}],"replies":[{"embeddable":true,"href":"https:\/\/cdnoticias.com\/index.php\/wp-json\/wp\/v2\/comments?post=201995"}],"version-history":[{"count":4,"href":"https:\/\/cdnoticias.com\/index.php\/wp-json\/wp\/v2\/posts\/201995\/revisions"}],"predecessor-version":[{"id":202002,"href":"https:\/\/cdnoticias.com\/index.php\/wp-json\/wp\/v2\/posts\/201995\/revisions\/202002"}],"wp:featuredmedia":[{"embeddable":true,"href":"https:\/\/cdnoticias.com\/index.php\/wp-json\/wp\/v2\/media\/169988"}],"wp:attachment":[{"href":"https:\/\/cdnoticias.com\/index.php\/wp-json\/wp\/v2\/media?parent=201995"}],"wp:term":[{"taxonomy":"category","embeddable":true,"href":"https:\/\/cdnoticias.com\/index.php\/wp-json\/wp\/v2\/categories?post=201995"},{"taxonomy":"post_tag","embeddable":true,"href":"https:\/\/cdnoticias.com\/index.php\/wp-json\/wp\/v2\/tags?post=201995"}],"curies":[{"name":"wp","href":"https:\/\/api.w.org\/{rel}","templated":true}]}}