{"id":20198,"date":"2021-04-29T15:22:16","date_gmt":"2021-04-29T18:22:16","guid":{"rendered":"http:\/\/www.centraldenoticias.com.ar\/?p=20198"},"modified":"2021-04-29T15:22:16","modified_gmt":"2021-04-29T18:22:16","slug":"secuestraron-una-moto-en-la-investigacion-por-el-asalto-a-una-estacion-de-servicios","status":"publish","type":"post","link":"https:\/\/cdnoticias.com\/index.php\/2021\/04\/29\/secuestraron-una-moto-en-la-investigacion-por-el-asalto-a-una-estacion-de-servicios\/","title":{"rendered":"Secuestraron una moto en la investigaci\u00f3n por el asalto a una estaci\u00f3n de servicios"},"content":{"rendered":"<p>Fue en el marco de allanamientos encabezados desde la SubDDI local. El asalto se registr\u00f3 d\u00edas atr\u00e1s en las cercan\u00edas del cruce de Rivadavia y 226.<!--more--><\/p>\n<hr \/>\n<p>En la jornada de este jueves personal de la SubDDI local llev\u00f3 adelante 4 allanamientos, que tuvieron como objetivo distintos domicilios del barrio Isaura. Todo se enmarc\u00f3 en la<strong> investigaci\u00f3n de un violento asalto que d\u00edas atr\u00e1s se registr\u00f3 en una estaci\u00f3n de servicios ubicado en la zona del acceso a Olavarr\u00eda por Rivadavia y Ruta Nacional 226.<\/strong><\/p>\n<p>&nbsp;<\/p>\n<p><strong>Ese hecho es investigado por la fiscal Mar\u00eda Paula Serrano, quien lo tipific\u00f3 como \u201crobo agravado por el uso de arma\u201d<\/strong>. Las averiguaciones avanzaron sobre la presunta autor\u00eda de personas domiciliadas en el barrio Isaura, domicilios que en el inicio de este jueves fueron allanados por agentes de la SubDDI local.<\/p>\n<p>&nbsp;<\/p>\n<p><img data-recalc-dims=\"1\" loading=\"lazy\" decoding=\"async\" class=\"alignnone size-large wp-image-15272\" src=\"https:\/\/i0.wp.com\/cdnoticias.com\/wp-content\/uploads\/2021\/03\/WhatsApp-Image-2021-03-03-at-22.50.49.jpeg?resize=800%2C600&#038;ssl=1\" alt=\"\" width=\"800\" height=\"600\" \/><\/p>\n<p>&nbsp;<\/p>\n<p>De las tareas tambi\u00e9n tomaron partes agentes del \u00e1rea de investigaci\u00f3n de Azul y Tandil, adem\u00e1s de la Estaci\u00f3n Policial local. Se logr\u00f3 el <strong>secuestro de un ciclomotor que se cree que habr\u00eda sido utilizado en el hecho, adem\u00e1s de otra serie de \u201celementos de inter\u00e9s\u201d que ser\u00e1n peritados en las pr\u00f3ximas horas.<\/strong><\/p>\n<p>&nbsp;<\/p>\n<p><strong>El asalto en cuesti\u00f3n se registr\u00f3 el pasado 12 de abril.<\/strong> Seg\u00fan se investiga, el playero del lugar fue atacado por desconocidos armados que le <strong>robaron la recaudaci\u00f3n y tel\u00e9fonos celulares.<\/strong><\/p>\n","protected":false},"excerpt":{"rendered":"<p>Fue en el marco de allanamientos encabezados desde la SubDDI local. El asalto se registr\u00f3 d\u00edas atr\u00e1s en las cercan\u00edas<\/p>\n","protected":false},"author":3,"featured_media":20199,"comment_status":"closed","ping_status":"closed","sticky":false,"template":"","format":"standard","meta":{"_jetpack_memberships_contains_paid_content":false,"footnotes":""},"categories":[14,1],"tags":[],"class_list":["post-20198","post","type-post","status-publish","format-standard","has-post-thumbnail","hentry","category-policiales","category-portada"],"jetpack_featured_media_url":"https:\/\/i0.wp.com\/cdnoticias.com\/wp-content\/uploads\/2021\/04\/tapa-ddi.jpg?fit=800%2C445&ssl=1","jetpack_sharing_enabled":true,"_links":{"self":[{"href":"https:\/\/cdnoticias.com\/index.php\/wp-json\/wp\/v2\/posts\/20198","targetHints":{"allow":["GET"]}}],"collection":[{"href":"https:\/\/cdnoticias.com\/index.php\/wp-json\/wp\/v2\/posts"}],"about":[{"href":"https:\/\/cdnoticias.com\/index.php\/wp-json\/wp\/v2\/types\/post"}],"author":[{"embeddable":true,"href":"https:\/\/cdnoticias.com\/index.php\/wp-json\/wp\/v2\/users\/3"}],"replies":[{"embeddable":true,"href":"https:\/\/cdnoticias.com\/index.php\/wp-json\/wp\/v2\/comments?post=20198"}],"version-history":[{"count":0,"href":"https:\/\/cdnoticias.com\/index.php\/wp-json\/wp\/v2\/posts\/20198\/revisions"}],"wp:featuredmedia":[{"embeddable":true,"href":"https:\/\/cdnoticias.com\/index.php\/wp-json\/wp\/v2\/media\/20199"}],"wp:attachment":[{"href":"https:\/\/cdnoticias.com\/index.php\/wp-json\/wp\/v2\/media?parent=20198"}],"wp:term":[{"taxonomy":"category","embeddable":true,"href":"https:\/\/cdnoticias.com\/index.php\/wp-json\/wp\/v2\/categories?post=20198"},{"taxonomy":"post_tag","embeddable":true,"href":"https:\/\/cdnoticias.com\/index.php\/wp-json\/wp\/v2\/tags?post=20198"}],"curies":[{"name":"wp","href":"https:\/\/api.w.org\/{rel}","templated":true}]}}