{"id":20197,"date":"2021-04-29T15:30:23","date_gmt":"2021-04-29T18:30:23","guid":{"rendered":"http:\/\/www.centraldenoticias.com.ar\/?p=20197"},"modified":"2021-04-29T17:52:13","modified_gmt":"2021-04-29T20:52:13","slug":"testeos-en-la-facultad-de-ciencias-de-la-salud-y-en-sierras-bayas","status":"publish","type":"post","link":"https:\/\/cdnoticias.com\/index.php\/2021\/04\/29\/testeos-en-la-facultad-de-ciencias-de-la-salud-y-en-sierras-bayas\/","title":{"rendered":"Testeos en la Facultad de Ciencias de la Salud y en Sierras Bayas"},"content":{"rendered":"<p>En el primer lugar se despleg\u00f3 el personal coordinado por la Regi\u00f3n Sanitaria IX. En el segundo caso, fue el programa municipal RTA.<!--more--><\/p>\n<hr \/>\n<p><strong>En la jornada de testeo a cargo del Ministerio de Salud de la Provincia fueron relevadas 2367 personas y se realizaron 66 hisopados<\/strong>, se destac\u00f3 este jueves desde la <strong>Regi\u00f3n Sanitaria IX<\/strong> al informar el resultado de las actividades que se centralizaron <strong>en la Facultad de Ciencias de Salud de Unicen.<\/strong><\/p>\n<p>&nbsp;<\/p>\n<p>Adem\u00e1s realizaron una <strong>recorrida puerta a puerta<\/strong> para detectar casos sospechosos de COVID, promover pautas de prevenci\u00f3n e inscribir al plan provincial de vacunaci\u00f3n.<\/p>\n<p><img data-recalc-dims=\"1\" loading=\"lazy\" decoding=\"async\" class=\"aligncenter wp-image-20206 size-full\" src=\"https:\/\/i0.wp.com\/cdnoticias.com\/wp-content\/uploads\/2021\/04\/testeo-salud-01.jpg?resize=800%2C364&#038;ssl=1\" alt=\"\" width=\"800\" height=\"364\" srcset=\"https:\/\/i0.wp.com\/cdnoticias.com\/wp-content\/uploads\/2021\/04\/testeo-salud-01.jpg?w=800&amp;ssl=1 800w, https:\/\/i0.wp.com\/cdnoticias.com\/wp-content\/uploads\/2021\/04\/testeo-salud-01.jpg?resize=300%2C137&amp;ssl=1 300w, https:\/\/i0.wp.com\/cdnoticias.com\/wp-content\/uploads\/2021\/04\/testeo-salud-01.jpg?resize=768%2C349&amp;ssl=1 768w\" sizes=\"auto, (max-width: 800px) 100vw, 800px\" \/><\/p>\n<p><strong>Un total de 66 personas fueron hisopadas en la ma\u00f1ana de este jueves<\/strong>, a su vez se llev\u00f3 a cabo un <strong>relevamiento en los barrios Roca Merlo y Mariano Moreno<\/strong> donde <strong>se recorrieron 976 hogares, fueron encuestadas 2367 personas<\/strong> para detectar posibles casos de COVID y se anot\u00f3 para el plan provincial de vacunaci\u00f3n.<\/p>\n<p>&nbsp;<\/p>\n<p>El trabajo articulado con la <strong>Facultad de Ciencias de la Salud<\/strong> cont\u00f3 adem\u00e1s con el acompa\u00f1amiento de la <strong>Secretar\u00eda de Salud P\u00fablica<\/strong>. <em>Participaron el director de Regi\u00f3n Sanitaria IX, Ramiro Borzi, el Decano de la Facultad de Ciencias de Salud, H\u00e9ctor Trebucq, e integrantes de la Secretar\u00eda de Salud Municipal, Germ\u00e1n Caputo y Christian Waimann<\/em>.<\/p>\n<p><img data-recalc-dims=\"1\" loading=\"lazy\" decoding=\"async\" class=\"alignnone size-full wp-image-20205\" src=\"https:\/\/i0.wp.com\/cdnoticias.com\/wp-content\/uploads\/2021\/04\/testeo-salud-00.jpg?resize=800%2C445&#038;ssl=1\" alt=\"\" width=\"800\" height=\"445\" srcset=\"https:\/\/i0.wp.com\/cdnoticias.com\/wp-content\/uploads\/2021\/04\/testeo-salud-00.jpg?w=800&amp;ssl=1 800w, https:\/\/i0.wp.com\/cdnoticias.com\/wp-content\/uploads\/2021\/04\/testeo-salud-00.jpg?resize=300%2C167&amp;ssl=1 300w, https:\/\/i0.wp.com\/cdnoticias.com\/wp-content\/uploads\/2021\/04\/testeo-salud-00.jpg?resize=768%2C427&amp;ssl=1 768w\" sizes=\"auto, (max-width: 800px) 100vw, 800px\" \/><\/p>\n<p>&nbsp;<\/p>\n<blockquote><p>\u201cHa sido una excelente jornada sobre todo por el trabajo que pudimos hacer con la Facultad, muchos estudiantes avanzados trabajaron tanto en el puerta a puerta como en el triage que es la evaluaci\u00f3n que se le hace a la gente que viene a testearse as\u00ed que eso nos llena de satisfacci\u00f3n\u201d destac\u00f3 el director de la Regi\u00f3n IX, Ramiro Borzi, en di\u00e1logo con Central de Noticias tras anunciar la llegada de nuevas vacunas.<\/p><\/blockquote>\n<p>&nbsp;<\/p>\n<p>En tanto, <strong>la jornada de RTA se realiz\u00f3 en Sierras Bayas<\/strong> y <em>all\u00ed estuvo el intendente Ezequiel Galli<\/em>.<\/p>\n<p>&nbsp;<\/p>\n<p><img data-recalc-dims=\"1\" loading=\"lazy\" decoding=\"async\" class=\"aligncenter wp-image-20203 size-full\" src=\"https:\/\/i0.wp.com\/cdnoticias.com\/wp-content\/uploads\/2021\/04\/RTA-sierras-bayas.jpg?resize=800%2C445&#038;ssl=1\" alt=\"\" width=\"800\" height=\"445\" srcset=\"https:\/\/i0.wp.com\/cdnoticias.com\/wp-content\/uploads\/2021\/04\/RTA-sierras-bayas.jpg?w=800&amp;ssl=1 800w, https:\/\/i0.wp.com\/cdnoticias.com\/wp-content\/uploads\/2021\/04\/RTA-sierras-bayas.jpg?resize=300%2C167&amp;ssl=1 300w, https:\/\/i0.wp.com\/cdnoticias.com\/wp-content\/uploads\/2021\/04\/RTA-sierras-bayas.jpg?resize=768%2C427&amp;ssl=1 768w\" sizes=\"auto, (max-width: 800px) 100vw, 800px\" \/><\/p>\n<p>&nbsp;<\/p>\n<p>\u201cVecinos y vecinas de la localidad se acercaron hasta el nosocomio, espacio en el que se les realiz\u00f3 el hisopado a quienes presentaban s\u00edntomas compatibles con Covid19\u201d se inform\u00f3 desde la Municipalidad.<\/p>\n<p>&nbsp;<\/p>\n<p><strong>El Programa RTA continuar\u00e1 este viernes en el Paseo de la Salud<\/strong>, el lunes 3 de mayo en la misma sede de Belgrano y Brown, el martes 4 de mayo en Colonia Hinojo, el mi\u00e9rcoles 5 de mayo en el Paseo de la Salud, el jueves 6 de mayo en Loma Negra y el viernes 7 de mayo en el Paseo de la Salud. En todos los casos, el inicio es a las 10.<\/p>\n","protected":false},"excerpt":{"rendered":"<p>En el primer lugar se despleg\u00f3 el personal coordinado por la Regi\u00f3n Sanitaria IX. En el segundo caso, fue el<\/p>\n","protected":false},"author":4,"featured_media":20204,"comment_status":"closed","ping_status":"closed","sticky":false,"template":"","format":"standard","meta":{"_jetpack_memberships_contains_paid_content":false,"footnotes":""},"categories":[5,1],"tags":[],"class_list":["post-20197","post","type-post","status-publish","format-standard","has-post-thumbnail","hentry","category-informacion-general","category-portada"],"jetpack_featured_media_url":"https:\/\/i0.wp.com\/cdnoticias.com\/wp-content\/uploads\/2021\/04\/testeo-salud-02.jpg?fit=800%2C445&ssl=1","jetpack_sharing_enabled":true,"_links":{"self":[{"href":"https:\/\/cdnoticias.com\/index.php\/wp-json\/wp\/v2\/posts\/20197","targetHints":{"allow":["GET"]}}],"collection":[{"href":"https:\/\/cdnoticias.com\/index.php\/wp-json\/wp\/v2\/posts"}],"about":[{"href":"https:\/\/cdnoticias.com\/index.php\/wp-json\/wp\/v2\/types\/post"}],"author":[{"embeddable":true,"href":"https:\/\/cdnoticias.com\/index.php\/wp-json\/wp\/v2\/users\/4"}],"replies":[{"embeddable":true,"href":"https:\/\/cdnoticias.com\/index.php\/wp-json\/wp\/v2\/comments?post=20197"}],"version-history":[{"count":0,"href":"https:\/\/cdnoticias.com\/index.php\/wp-json\/wp\/v2\/posts\/20197\/revisions"}],"wp:featuredmedia":[{"embeddable":true,"href":"https:\/\/cdnoticias.com\/index.php\/wp-json\/wp\/v2\/media\/20204"}],"wp:attachment":[{"href":"https:\/\/cdnoticias.com\/index.php\/wp-json\/wp\/v2\/media?parent=20197"}],"wp:term":[{"taxonomy":"category","embeddable":true,"href":"https:\/\/cdnoticias.com\/index.php\/wp-json\/wp\/v2\/categories?post=20197"},{"taxonomy":"post_tag","embeddable":true,"href":"https:\/\/cdnoticias.com\/index.php\/wp-json\/wp\/v2\/tags?post=20197"}],"curies":[{"name":"wp","href":"https:\/\/api.w.org\/{rel}","templated":true}]}}