{"id":201964,"date":"2026-04-30T16:05:38","date_gmt":"2026-04-30T19:05:38","guid":{"rendered":"https:\/\/cdnoticias.com\/?p=201964"},"modified":"2026-04-30T16:05:40","modified_gmt":"2026-04-30T19:05:40","slug":"tres-oferentes-para-el-alquiler-de-equipos-viales-destinados-a-trabajos-en-el-camino-rural-078-12","status":"publish","type":"post","link":"https:\/\/cdnoticias.com\/index.php\/2026\/04\/30\/tres-oferentes-para-el-alquiler-de-equipos-viales-destinados-a-trabajos-en-el-camino-rural-078-12\/","title":{"rendered":"Tres oferentes para el alquiler de equipos viales destinados a trabajos en el camino rural 078-12"},"content":{"rendered":"\n<p>El plan de trabajo tiene por objetivo no s\u00f3lo mejorar las condiciones de transitabilidad, sino tambi\u00e9n de \u00edndole hidr\u00e1ulico.&nbsp;<\/p>\n\n\n\n<hr class=\"wp-block-separator aligncenter has-alpha-channel-opacity\"\/>\n\n\n\n<p>En la ma\u00f1ana de este martes se llev\u00f3 a cabo el <strong>acto de apertura de cotizaciones <\/strong>para la licitaci\u00f3n p\u00fablica 08\/2026, que tiene por objetivo el <strong>alquiler de equipos viales para realizar el alteo y construcci\u00f3n de cuneta en el camino 078-12.\u00a0<\/strong><\/p>\n\n\n\n<p><\/p>\n\n\n\n<p>Se trata de un pliego confeccionado desde la Direcci\u00f3n de Obras Rurales, dependiente de la Secretar\u00eda de Obras P\u00fablicas del Municipio, pero que surge tambi\u00e9n del di\u00e1logo y vinculaci\u00f3n permanente que desde el \u00e1rea se mantiene con el sector agropecuario.<\/p>\n\n\n\n<p><\/p>\n\n\n\n<p>La actividad se llev\u00f3 a cabo a las 10 horas, con la participaci\u00f3n de los directores de Licitaciones y Obras Rurales, Ezequiel Lorenzo y Mariano Arrignon respectivamente. En la ocasi\u00f3n se presentaron las siguientes cotizaciones:<\/p>\n\n\n\n<p><\/p>\n\n\n\n<ul class=\"wp-block-list\">\n<li>Proponente N\u00b0 1: Vial Namuncur\u00e1, que cotiz\u00f3 la suma de $145.600.000<\/li>\n<\/ul>\n\n\n\n<ul class=\"wp-block-list\">\n<li>Proponente N\u00b0 2: Ancat SA, que cotiz\u00f3 la suma de $129.540.000<\/li>\n<\/ul>\n\n\n\n<ul class=\"wp-block-list\">\n<li>Proponente N\u00b0 3: Producciones Industriales SA, que cotiz\u00f3 la suma de $129.820.000<\/li>\n<\/ul>\n\n\n\n<p><\/p>\n\n\n\n<blockquote class=\"wp-block-quote is-layout-flow wp-block-quote-is-layout-flow\">\n<p>La licitaci\u00f3n contempla el alquiler de una excavadora hidr\u00e1ulica sobre oruga, un compactador autopropulsado, un cami\u00f3n volcador y una motoniveladora para trabajar en un tramo de algo m\u00e1s de 10 kil\u00f3metros de trazado del mencionado camino, ubicado en el extremo norte del Partido, que adem\u00e1s permite dar acceso a la Escuela N\u00b0 47 (El Porvenir), lo que se traduce en un beneficio tambi\u00e9n para toda la comunidad educativa de ese establecimiento.<\/p>\n<\/blockquote>\n\n\n\n<p><\/p>\n\n\n\n<p>Vale destacar, a la par, que<strong> el plan de trabajo tiene por objetivo no s\u00f3lo mejorar las condiciones de transitabilidad, sino tambi\u00e9n de \u00edndole hidr\u00e1ulico, <\/strong>para lograr un mejor escurrimiento y circulaci\u00f3n de agua en el trazado ubicado en las cercan\u00edas de Espigas y el l\u00edmite con Tapalqu\u00e9.<\/p>\n\n\n\n<p><\/p>\n","protected":false},"excerpt":{"rendered":"<p>El plan de trabajo tiene por objetivo no s\u00f3lo mejorar las condiciones de transitabilidad, sino tambi\u00e9n de \u00edndole hidr\u00e1ulico.&nbsp; En<\/p>\n","protected":false},"author":6,"featured_media":201966,"comment_status":"closed","ping_status":"closed","sticky":false,"template":"","format":"standard","meta":{"_jetpack_memberships_contains_paid_content":false,"footnotes":""},"categories":[5,7],"tags":[],"class_list":["post-201964","post","type-post","status-publish","format-standard","has-post-thumbnail","hentry","category-informacion-general","category-central"],"jetpack_featured_media_url":"https:\/\/i0.wp.com\/cdnoticias.com\/wp-content\/uploads\/2026\/04\/caminosrurales-licitacion1.png?fit=833%2C473&ssl=1","jetpack_sharing_enabled":true,"_links":{"self":[{"href":"https:\/\/cdnoticias.com\/index.php\/wp-json\/wp\/v2\/posts\/201964","targetHints":{"allow":["GET"]}}],"collection":[{"href":"https:\/\/cdnoticias.com\/index.php\/wp-json\/wp\/v2\/posts"}],"about":[{"href":"https:\/\/cdnoticias.com\/index.php\/wp-json\/wp\/v2\/types\/post"}],"author":[{"embeddable":true,"href":"https:\/\/cdnoticias.com\/index.php\/wp-json\/wp\/v2\/users\/6"}],"replies":[{"embeddable":true,"href":"https:\/\/cdnoticias.com\/index.php\/wp-json\/wp\/v2\/comments?post=201964"}],"version-history":[{"count":0,"href":"https:\/\/cdnoticias.com\/index.php\/wp-json\/wp\/v2\/posts\/201964\/revisions"}],"wp:featuredmedia":[{"embeddable":true,"href":"https:\/\/cdnoticias.com\/index.php\/wp-json\/wp\/v2\/media\/201966"}],"wp:attachment":[{"href":"https:\/\/cdnoticias.com\/index.php\/wp-json\/wp\/v2\/media?parent=201964"}],"wp:term":[{"taxonomy":"category","embeddable":true,"href":"https:\/\/cdnoticias.com\/index.php\/wp-json\/wp\/v2\/categories?post=201964"},{"taxonomy":"post_tag","embeddable":true,"href":"https:\/\/cdnoticias.com\/index.php\/wp-json\/wp\/v2\/tags?post=201964"}],"curies":[{"name":"wp","href":"https:\/\/api.w.org\/{rel}","templated":true}]}}