{"id":201952,"date":"2026-04-29T19:41:44","date_gmt":"2026-04-29T22:41:44","guid":{"rendered":"https:\/\/cdnoticias.com\/?p=201952"},"modified":"2026-04-29T19:41:46","modified_gmt":"2026-04-29T22:41:46","slug":"este-jueves-y-sabado-habra-puestos-de-vacunacion-en-diversos-sectores-de-la-ciudad","status":"publish","type":"post","link":"https:\/\/cdnoticias.com\/index.php\/2026\/04\/29\/este-jueves-y-sabado-habra-puestos-de-vacunacion-en-diversos-sectores-de-la-ciudad\/","title":{"rendered":"Este jueves y s\u00e1bado habr\u00e1 puestos de vacunaci\u00f3n en diversos sectores de la ciudad\u00a0"},"content":{"rendered":"\n<p>Tambi\u00e9n se podr\u00e1 completar esquemas, por lo que se convoca a la comunidad en general, pero con especial \u00e9nfasis a personas nacidas en los a\u00f1os 2015 y 2021.<\/p>\n\n\n\n<hr class=\"wp-block-separator aligncenter has-alpha-channel-opacity\"\/>\n\n\n\n<p>Con el objetivo de seguir brindando una respuesta en materia de acceso a la salud, pero tambi\u00e9n optimizar recursos, desde la<strong> Direcci\u00f3n de Epidemiolog\u00eda e Inmunizaciones se diagram\u00f3 un dispositivo para realizar aplicaciones en puestos de vacunaci\u00f3n ubicados en distintos puntos de la ciudad<\/strong> durante el fin de semana largo venidero, con motivo de la conmemoraci\u00f3n del D\u00eda Internacional del Trabajo. <\/p>\n\n\n\n<p><\/p>\n\n\n\n<p>Del \u00e1rea se detall\u00f3 que, en articulaci\u00f3n con la Subsecretar\u00eda de Atenci\u00f3n Primaria de la Salud,<strong> se dispuso que CAPS situados en sectores estrat\u00e9gicos de la ciudad realicen aplicaciones de vacunas antigripales tanto este jueves 30 de abril, como el s\u00e1bado 2 de mayo.<\/strong><\/p>\n\n\n\n<p><\/p>\n\n\n\n<blockquote class=\"wp-block-quote is-layout-flow wp-block-quote-is-layout-flow\">\n<p>Ser\u00e1 en los CAPS N\u00b0 5 (barrio Hip\u00f3lito Yrigoyen), N\u00b0 12 (Barrio CECO), N\u00b0 18 (Barrio Alberdi) y N\u00b0 26, del barrio Lourdes. El jueves lo har\u00e1n en su horario habitual, mientras que el s\u00e1bado atender\u00e1n de 8:30 a 12:30 horas. Se invita a acercarse a personas mayores de 65 a\u00f1os y con factores de riesgo.<\/p>\n<\/blockquote>\n\n\n\n<p><\/p>\n\n\n\n<p>Se a\u00f1adi\u00f3 que, con motivo de la adhesi\u00f3n a la Semana de Vacunaci\u00f3n de las Am\u00e9ricas, <strong>tambi\u00e9n se podr\u00e1 completar esquemas,<\/strong> por lo que se convoca a la comunidad en general, pero con especial <strong>\u00e9nfasis a personas nacidas en los a\u00f1os 2015 y 2021.<\/strong><\/p>\n\n\n\n<p><\/p>\n\n\n\n<p>Vale destacar, a la par, que el <strong>Centro de Inmunizaciones Banco de Leche<\/strong>, ubicado sobre Maip\u00fa 2832<strong>, tambi\u00e9n atender\u00e1 en ambas jornadas,<\/strong> mientras que el <strong>vacunatorio del Hospital Municipal \u201cDoctor H\u00e9ctor Cura\u201d realizar\u00e1 aplicaciones en la ma\u00f1ana del jueves \u00fanicamente.<\/strong><\/p>\n\n\n\n<p><\/p>\n","protected":false},"excerpt":{"rendered":"<p>Tambi\u00e9n se podr\u00e1 completar esquemas, por lo que se convoca a la comunidad en general, pero con especial \u00e9nfasis a<\/p>\n","protected":false},"author":6,"featured_media":45650,"comment_status":"closed","ping_status":"closed","sticky":false,"template":"","format":"standard","meta":{"_jetpack_memberships_contains_paid_content":false,"footnotes":""},"categories":[5,1],"tags":[],"class_list":["post-201952","post","type-post","status-publish","format-standard","has-post-thumbnail","hentry","category-informacion-general","category-portada"],"jetpack_featured_media_url":"https:\/\/i0.wp.com\/cdnoticias.com\/wp-content\/uploads\/2022\/02\/Salud-Banco-de-Leche.jpg?fit=640%2C427&ssl=1","jetpack_sharing_enabled":true,"_links":{"self":[{"href":"https:\/\/cdnoticias.com\/index.php\/wp-json\/wp\/v2\/posts\/201952","targetHints":{"allow":["GET"]}}],"collection":[{"href":"https:\/\/cdnoticias.com\/index.php\/wp-json\/wp\/v2\/posts"}],"about":[{"href":"https:\/\/cdnoticias.com\/index.php\/wp-json\/wp\/v2\/types\/post"}],"author":[{"embeddable":true,"href":"https:\/\/cdnoticias.com\/index.php\/wp-json\/wp\/v2\/users\/6"}],"replies":[{"embeddable":true,"href":"https:\/\/cdnoticias.com\/index.php\/wp-json\/wp\/v2\/comments?post=201952"}],"version-history":[{"count":1,"href":"https:\/\/cdnoticias.com\/index.php\/wp-json\/wp\/v2\/posts\/201952\/revisions"}],"predecessor-version":[{"id":201986,"href":"https:\/\/cdnoticias.com\/index.php\/wp-json\/wp\/v2\/posts\/201952\/revisions\/201986"}],"wp:featuredmedia":[{"embeddable":true,"href":"https:\/\/cdnoticias.com\/index.php\/wp-json\/wp\/v2\/media\/45650"}],"wp:attachment":[{"href":"https:\/\/cdnoticias.com\/index.php\/wp-json\/wp\/v2\/media?parent=201952"}],"wp:term":[{"taxonomy":"category","embeddable":true,"href":"https:\/\/cdnoticias.com\/index.php\/wp-json\/wp\/v2\/categories?post=201952"},{"taxonomy":"post_tag","embeddable":true,"href":"https:\/\/cdnoticias.com\/index.php\/wp-json\/wp\/v2\/tags?post=201952"}],"curies":[{"name":"wp","href":"https:\/\/api.w.org\/{rel}","templated":true}]}}