{"id":201946,"date":"2026-04-29T18:51:11","date_gmt":"2026-04-29T21:51:11","guid":{"rendered":"https:\/\/cdnoticias.com\/?p=201946"},"modified":"2026-04-29T18:51:13","modified_gmt":"2026-04-29T21:51:13","slug":"un-paro-en-el-smn-complicara-los-vuelos-en-la-previa-del-fin-de-semana-largo","status":"publish","type":"post","link":"https:\/\/cdnoticias.com\/index.php\/2026\/04\/29\/un-paro-en-el-smn-complicara-los-vuelos-en-la-previa-del-fin-de-semana-largo\/","title":{"rendered":"Un paro en el SMN complicar\u00e1 los vuelos en la previa del fin de semana largo"},"content":{"rendered":"\n<p>ATE profundiza las medidas tras despidos y cambios en el organismo con un paro en el SMN para este jueves 30 de abril. Reclama reincorporaciones y cuestiona un decreto oficial.<\/p>\n\n\n\n<hr class=\"wp-block-separator aligncenter has-alpha-channel-opacity\"\/>\n\n\n\n<p>En medio de una<strong> serie de despidos que horas atr\u00e1s fueron justificados por el ministro de Desregulaci\u00f3n, Federico Sturzenegger<\/strong>, la <strong>Asociaci\u00f3n Trabajadores del Estado (ATE) convoc\u00f3 a un paro en el Servicio Meteorol\u00f3gico Nacional (SMN) para el jueves 30 de abril<\/strong>, lo que<strong> complicar\u00e1 entre otros servicios los vuelos.<\/strong><\/p>\n\n\n\n<p><\/p>\n\n\n\n<p>El sindicato resolvi\u00f3 avanzar con la medida de fuerza en<strong> reclamo por la reincorporaci\u00f3n de 140 trabajadores despedidos d\u00edas atr\u00e1s, la anulaci\u00f3n de otros 100 ceses anunciados y la derogaci\u00f3n del Decreto 274\/26.<\/strong> Seg\u00fan denunciaron, esta normativa modifica funciones clave del organismo y las transfiere a la Empresa Argentina de Navegaci\u00f3n A\u00e9rea (EANA).<\/p>\n\n\n\n<p><\/p>\n\n\n\n<blockquote class=\"wp-block-quote is-layout-flow wp-block-quote-is-layout-flow\">\n<p>Desde ATE sostuvieron que la situaci\u00f3n gener\u00f3 un fuerte malestar interno, especialmente tras el intento del Gobierno de Javier Milei de declarar ilegal la protesta. Consideraron que la decisi\u00f3n se apoya en argumentos contradictorios, ya que al mismo tiempo se califican como esenciales ciertas funciones mientras se mantiene la reducci\u00f3n del personal.<\/p>\n<\/blockquote>\n\n\n\n<p><\/p>\n\n\n\n<p>Durante la jornada de protesta prevista para el 30 de abril,<strong> un d\u00eda previo al feriado del 1 de mayo por el D\u00eda del Trabajador<\/strong>, el sindicato asegur\u00f3 que <strong>se mantendr\u00e1n activos los protocolos de vigilancia y alerta.<\/strong> De esta manera, se busca<strong> garantizar la atenci\u00f3n de emergencias y situaciones de riesgo <\/strong>vinculadas a los servicios de aeronavegaci\u00f3n, con el objetivo de resguardar la seguridad de la poblaci\u00f3n.<\/p>\n\n\n\n<p><\/p>\n\n\n\n<p><strong>Cruces de ATE con Federico Sturzenegger<\/strong><\/p>\n\n\n\n<p>La pol\u00e9mica por los despidos, que como inform\u00f3 Agencia DIB <strong>impactan en muchas ciudades del interior bonaerense,<\/strong> se reaviv\u00f3 luego que el domingo Sturzenegger usara su cuenta de X para contar la \u201chistoria incre\u00edble\u201d del SMN.<\/p>\n\n\n\n<p><\/p>\n\n\n\n<blockquote class=\"wp-block-quote is-layout-flow wp-block-quote-is-layout-flow\">\n<p>En ese sentido, dio datos sobre los supuestos exceso de personal y deficiencia tecnol\u00f3gica del sector para justificar los despidos y desmantelamiento que atraviesa el organismo. Asegur\u00f3, entre otras cuestiones, que podr\u00eda funcionar con mayor precisi\u00f3n y un presupuesto mucho menor, manejado por 150 personas en lugar de las 1.000 actuales.<\/p>\n<\/blockquote>\n\n\n\n<p><\/p>\n\n\n\n<p>Sin embargo, de las precisiones que dio Sturzenegger,<strong> muchas fueron desmentidas por los trabajadores<\/strong>. \u201cDijo que el SMN tiene 20 meteor\u00f3logos, son m\u00e1s de 150\u201d, respondi\u00f3 Somos SMN, en una publicaci\u00f3n para contrarrestar las \u201cseis mentiras en un solo hilo\u201d del ministro.<\/p>\n\n\n\n<p><\/p>\n\n\n\n<p>Sturzenegger tambi\u00e9n asegur\u00f3 que hay 7 observadores por estaci\u00f3n, n\u00famero que consider\u00f3 exagerado. Le respondieron que, tras los 140 despidos concretados en los \u00faltimos d\u00edas, el promedio apenas supera las tres personas en cada una de las 125 estaciones del pa\u00eds.<\/p>\n\n\n\n<p><\/p>\n\n\n\n<p><em>Fuente: Agencia DIB<\/em><\/p>\n","protected":false},"excerpt":{"rendered":"<p>ATE profundiza las medidas tras despidos y cambios en el organismo con un paro en el SMN para este jueves<\/p>\n","protected":false},"author":6,"featured_media":43042,"comment_status":"closed","ping_status":"closed","sticky":false,"template":"","format":"standard","meta":{"_jetpack_memberships_contains_paid_content":false,"footnotes":""},"categories":[6,1],"tags":[],"class_list":["post-201946","post","type-post","status-publish","format-standard","has-post-thumbnail","hentry","category-nacionales","category-portada"],"jetpack_featured_media_url":"https:\/\/i0.wp.com\/cdnoticias.com\/wp-content\/uploads\/2022\/01\/avion-aerolineas-scaled.jpg?fit=2560%2C1707&ssl=1","jetpack_sharing_enabled":true,"_links":{"self":[{"href":"https:\/\/cdnoticias.com\/index.php\/wp-json\/wp\/v2\/posts\/201946","targetHints":{"allow":["GET"]}}],"collection":[{"href":"https:\/\/cdnoticias.com\/index.php\/wp-json\/wp\/v2\/posts"}],"about":[{"href":"https:\/\/cdnoticias.com\/index.php\/wp-json\/wp\/v2\/types\/post"}],"author":[{"embeddable":true,"href":"https:\/\/cdnoticias.com\/index.php\/wp-json\/wp\/v2\/users\/6"}],"replies":[{"embeddable":true,"href":"https:\/\/cdnoticias.com\/index.php\/wp-json\/wp\/v2\/comments?post=201946"}],"version-history":[{"count":1,"href":"https:\/\/cdnoticias.com\/index.php\/wp-json\/wp\/v2\/posts\/201946\/revisions"}],"predecessor-version":[{"id":201985,"href":"https:\/\/cdnoticias.com\/index.php\/wp-json\/wp\/v2\/posts\/201946\/revisions\/201985"}],"wp:featuredmedia":[{"embeddable":true,"href":"https:\/\/cdnoticias.com\/index.php\/wp-json\/wp\/v2\/media\/43042"}],"wp:attachment":[{"href":"https:\/\/cdnoticias.com\/index.php\/wp-json\/wp\/v2\/media?parent=201946"}],"wp:term":[{"taxonomy":"category","embeddable":true,"href":"https:\/\/cdnoticias.com\/index.php\/wp-json\/wp\/v2\/categories?post=201946"},{"taxonomy":"post_tag","embeddable":true,"href":"https:\/\/cdnoticias.com\/index.php\/wp-json\/wp\/v2\/tags?post=201946"}],"curies":[{"name":"wp","href":"https:\/\/api.w.org\/{rel}","templated":true}]}}