{"id":201927,"date":"2026-04-29T16:30:23","date_gmt":"2026-04-29T19:30:23","guid":{"rendered":"https:\/\/cdnoticias.com\/?p=201927"},"modified":"2026-04-29T16:30:25","modified_gmt":"2026-04-29T19:30:25","slug":"cortes-de-luz-programados-en-cuatro-sectores-de-la-ciudad","status":"publish","type":"post","link":"https:\/\/cdnoticias.com\/index.php\/2026\/04\/29\/cortes-de-luz-programados-en-cuatro-sectores-de-la-ciudad\/","title":{"rendered":"Cortes de luz programados en cuatro sectores de la ciudad"},"content":{"rendered":"\n<p>Ser\u00e1 este jueves durante la ma\u00f1ana por tareas de mantenimiento.<\/p>\n\n\n\n<hr class=\"wp-block-separator aligncenter has-alpha-channel-opacity\"\/>\n\n\n\n<p>Desde <strong>Coopelectric <\/strong>se inform\u00f3 que<strong> durante la ma\u00f1ana de este jueves <\/strong>se llevar\u00e1n a cabo <strong>cortes de luz programados por tareas de mantenimiento.\u00a0<\/strong><\/p>\n\n\n\n<p><\/p>\n\n\n\n<p><strong>El primer corte ser\u00e1 de 8:00 a 10:30 horas y comprende los siguientes sectores:\u00a0<\/strong><\/p>\n\n\n\n<ul class=\"wp-block-list\">\n<li>Sector 1: Betty R. de Schwindt, Las Heras, Las Orquideas y Rend\u00f3n<\/li>\n<\/ul>\n\n\n\n<ul class=\"wp-block-list\">\n<li>Sector 2: Las Orqu\u00eddeas, V\u00edas FFCC, avenida Pueyrred\u00f3n<\/li>\n<\/ul>\n\n\n\n<ul class=\"wp-block-list\">\n<li>Sector 3: Country Sauveterre<\/li>\n<\/ul>\n\n\n\n<p><\/p>\n\n\n\n<blockquote class=\"wp-block-quote is-layout-flow wp-block-quote-is-layout-flow\">\n<p>Asimismo, habr\u00e1 un segundo corte de 8:30 a 12:30 en el Sistema Rural Crotto desde Ruta Nacional 226 y RP 60 hasta el l\u00edmite del partido con Tapalqu\u00e9 e incluye el Emprendimiento Norte.\u00a0<\/p>\n<\/blockquote>\n\n\n\n<p><\/p>\n\n\n\n<p>Se indic\u00f3 que<strong> puede suspenderse si las condiciones clim\u00e1ticas son adversas<\/strong>. En tal caso, las tareas ser\u00e1n reprogramadas.<\/p>\n\n\n\n<p><\/p>\n","protected":false},"excerpt":{"rendered":"<p>Ser\u00e1 este jueves durante la ma\u00f1ana por tareas de mantenimiento. Desde Coopelectric se inform\u00f3 que durante la ma\u00f1ana de este<\/p>\n","protected":false},"author":6,"featured_media":41402,"comment_status":"closed","ping_status":"closed","sticky":false,"template":"","format":"standard","meta":{"_jetpack_memberships_contains_paid_content":false,"footnotes":""},"categories":[5,7],"tags":[],"class_list":["post-201927","post","type-post","status-publish","format-standard","has-post-thumbnail","hentry","category-informacion-general","category-central"],"jetpack_featured_media_url":"https:\/\/i0.wp.com\/cdnoticias.com\/wp-content\/uploads\/2021\/12\/coopelectric-camion1.jpg?fit=1540%2C856&ssl=1","jetpack_sharing_enabled":true,"_links":{"self":[{"href":"https:\/\/cdnoticias.com\/index.php\/wp-json\/wp\/v2\/posts\/201927","targetHints":{"allow":["GET"]}}],"collection":[{"href":"https:\/\/cdnoticias.com\/index.php\/wp-json\/wp\/v2\/posts"}],"about":[{"href":"https:\/\/cdnoticias.com\/index.php\/wp-json\/wp\/v2\/types\/post"}],"author":[{"embeddable":true,"href":"https:\/\/cdnoticias.com\/index.php\/wp-json\/wp\/v2\/users\/6"}],"replies":[{"embeddable":true,"href":"https:\/\/cdnoticias.com\/index.php\/wp-json\/wp\/v2\/comments?post=201927"}],"version-history":[{"count":0,"href":"https:\/\/cdnoticias.com\/index.php\/wp-json\/wp\/v2\/posts\/201927\/revisions"}],"wp:featuredmedia":[{"embeddable":true,"href":"https:\/\/cdnoticias.com\/index.php\/wp-json\/wp\/v2\/media\/41402"}],"wp:attachment":[{"href":"https:\/\/cdnoticias.com\/index.php\/wp-json\/wp\/v2\/media?parent=201927"}],"wp:term":[{"taxonomy":"category","embeddable":true,"href":"https:\/\/cdnoticias.com\/index.php\/wp-json\/wp\/v2\/categories?post=201927"},{"taxonomy":"post_tag","embeddable":true,"href":"https:\/\/cdnoticias.com\/index.php\/wp-json\/wp\/v2\/tags?post=201927"}],"curies":[{"name":"wp","href":"https:\/\/api.w.org\/{rel}","templated":true}]}}