{"id":201923,"date":"2026-04-30T08:37:38","date_gmt":"2026-04-30T11:37:38","guid":{"rendered":"https:\/\/cdnoticias.com\/?p=201923"},"modified":"2026-04-30T08:37:40","modified_gmt":"2026-04-30T11:37:40","slug":"aoma-acordo-un-nuevo-aumento-paritario-para-trabajadores-del-cemento-portland","status":"publish","type":"post","link":"https:\/\/cdnoticias.com\/index.php\/2026\/04\/30\/aoma-acordo-un-nuevo-aumento-paritario-para-trabajadores-del-cemento-portland\/","title":{"rendered":"AOMA acord\u00f3 un nuevo aumento paritario para trabajadores del Cemento Portland"},"content":{"rendered":"<p>El incremento ser\u00e1 del 7% en abril y 2% en mayo, en el marco de negociaciones con el sector empresario.<\/p>\n\n\n<hr class=\"wp-block-separator has-alpha-channel-opacity\"\/>\n\n\n\n<!--more-->\n\n\n\n<p>La <strong>Asociaci\u00f3n Obrera Minera Argentina (AOMA)<\/strong> anunci\u00f3 la <strong>firma de un nuevo acuerdo paritario <\/strong>para los <strong>trabajadores y trabajadoras de la rama cemento<\/strong>, tras varios d\u00edas de <strong>negociaci\u00f3n con la Asociaci\u00f3n de Fabricantes de Cemento Portland (AFCP).<\/strong><\/p>\n\n\n\n<p><\/p>\n\n\n\n<p>El entendimiento fue alcanzado en el marco de las <strong>discusiones salariales<\/strong> del sector y cont\u00f3 con la participaci\u00f3n del <strong>secretario general del gremio, H\u00e9ctor Laplace<\/strong>, junto a representantes empresariales.<\/p>\n\n\n\n<p><\/p>\n\n\n\n<blockquote class=\"wp-block-quote is-layout-flow wp-block-quote-is-layout-flow\">\n<p>Seg\u00fan se inform\u00f3, el acuerdo establece un incremento salarial del 7% para el mes de abril y un 2% adicional para mayo, ambos de car\u00e1cter acumulativo.<\/p>\n<\/blockquote>\n\n\n\n<p><\/p>\n\n\n\n<p>Desde el sindicato se\u00f1alaron que la actualizaci\u00f3n busca<em> \u201cacompa\u00f1ar el contexto econ\u00f3mico actual y contribuir a sostener el poder adquisitivo de los trabajadores, en un escenario atravesado por la inflaci\u00f3n y las dificultades que afectan a distintos sectores productivos\u201d<\/em>.<\/p>\n\n\n\n<p><\/p>\n\n\n\n<p>El nuevo acuerdo se suma a las instancias paritarias que distintos gremios vienen llevando adelante en las \u00faltimas semanas, en un contexto de revisi\u00f3n constante de los ingresos frente a la evoluci\u00f3n de los precios.<\/p>\n\n\n\n<p><\/p>\n","protected":false},"excerpt":{"rendered":"<p>El incremento ser\u00e1 del 7% en abril y 2% en mayo, en el marco de negociaciones con el sector empresario.<\/p>\n","protected":false},"author":4,"featured_media":134024,"comment_status":"closed","ping_status":"closed","sticky":false,"template":"","format":"standard","meta":{"_jetpack_memberships_contains_paid_content":false,"footnotes":""},"categories":[5,7],"tags":[],"class_list":["post-201923","post","type-post","status-publish","format-standard","has-post-thumbnail","hentry","category-informacion-general","category-central"],"jetpack_featured_media_url":"https:\/\/i0.wp.com\/cdnoticias.com\/wp-content\/uploads\/2025\/01\/cementera-fabrica-cemento-00.jpg?fit=1000%2C556&ssl=1","jetpack_sharing_enabled":true,"_links":{"self":[{"href":"https:\/\/cdnoticias.com\/index.php\/wp-json\/wp\/v2\/posts\/201923","targetHints":{"allow":["GET"]}}],"collection":[{"href":"https:\/\/cdnoticias.com\/index.php\/wp-json\/wp\/v2\/posts"}],"about":[{"href":"https:\/\/cdnoticias.com\/index.php\/wp-json\/wp\/v2\/types\/post"}],"author":[{"embeddable":true,"href":"https:\/\/cdnoticias.com\/index.php\/wp-json\/wp\/v2\/users\/4"}],"replies":[{"embeddable":true,"href":"https:\/\/cdnoticias.com\/index.php\/wp-json\/wp\/v2\/comments?post=201923"}],"version-history":[{"count":1,"href":"https:\/\/cdnoticias.com\/index.php\/wp-json\/wp\/v2\/posts\/201923\/revisions"}],"predecessor-version":[{"id":201992,"href":"https:\/\/cdnoticias.com\/index.php\/wp-json\/wp\/v2\/posts\/201923\/revisions\/201992"}],"wp:featuredmedia":[{"embeddable":true,"href":"https:\/\/cdnoticias.com\/index.php\/wp-json\/wp\/v2\/media\/134024"}],"wp:attachment":[{"href":"https:\/\/cdnoticias.com\/index.php\/wp-json\/wp\/v2\/media?parent=201923"}],"wp:term":[{"taxonomy":"category","embeddable":true,"href":"https:\/\/cdnoticias.com\/index.php\/wp-json\/wp\/v2\/categories?post=201923"},{"taxonomy":"post_tag","embeddable":true,"href":"https:\/\/cdnoticias.com\/index.php\/wp-json\/wp\/v2\/tags?post=201923"}],"curies":[{"name":"wp","href":"https:\/\/api.w.org\/{rel}","templated":true}]}}