{"id":201919,"date":"2026-04-29T13:23:05","date_gmt":"2026-04-29T16:23:05","guid":{"rendered":"https:\/\/cdnoticias.com\/?p=201919"},"modified":"2026-04-29T14:09:22","modified_gmt":"2026-04-29T17:09:22","slug":"maximiliano-wesner-en-la-marcha-de-intendentes-al-ministerio-de-capital-humano-de-la-nacion","status":"publish","type":"post","link":"https:\/\/cdnoticias.com\/index.php\/2026\/04\/29\/maximiliano-wesner-en-la-marcha-de-intendentes-al-ministerio-de-capital-humano-de-la-nacion\/","title":{"rendered":"Maximiliano Wesner, en la marcha de intendentes al Ministerio de Capital Humano de la Naci\u00f3n"},"content":{"rendered":"<p>Los jefes comunales bonaerenses se movilizan este mi\u00e9rcoles en demanda de fondos adeudados al Servicio Alimentario Escolar (SAE).<\/p>\n\n\n<hr class=\"wp-block-separator has-alpha-channel-opacity\"\/>\n\n\n\n<!--more-->\n\n\n\n<p>Un nutrido <strong>grupo de dirigentes bonaerenses<\/strong>, entre ellos numerosos intendentes,<strong> se manifiestan este mi\u00e9rcoles<\/strong> en CABA en<strong> reclamo de fondos para programas alimentarios <\/strong>de la Provincia de Buenos Aires.<\/p>\n\n\n\n<p><\/p>\n\n\n\n<blockquote class=\"wp-block-quote is-layout-flow wp-block-quote-is-layout-flow\">\n<p>Entre ellos, est\u00e1 el jefe comunal de Olavarr\u00eda, Maximiliano Wesner, adem\u00e1s de otros representantes de la S\u00e9ptima Secci\u00f3n, como el azule\u00f1o Nelson Sombra.<\/p>\n<\/blockquote>\n\n\n\n<p><\/p>\n\n\n\n<p>La actividad de los dirigentes comenz\u00f3 en la <strong>Federaci\u00f3n Argentina de Municipios (FAM) <\/strong>donde los intendentes y ministros bonaerenses <strong>firmaron la carta que entregar\u00e1n en el Ministerio de Capital Humano de la Naci\u00f3n.<\/strong><\/p>\n\n\n\n<p><\/p>\n\n\n\n<figure class=\"wp-block-embed is-type-rich is-provider-twitter wp-block-embed-twitter\"><div class=\"wp-block-embed__wrapper\">\n<div class=\"embed-twitter\"><blockquote class=\"twitter-tweet\" data-width=\"550\" data-dnt=\"true\"><p lang=\"es\" dir=\"ltr\">\u201cFrente a las enfermedades que genera la miseria, frente a la tristeza, la angustia y el infortunio social de los pueblos, los microbios, como causa de enfermedad, son unas pobres causas\u201d. Carrillo <br><br>\ud83d\udc49\ud83c\udffc Junto a intendentes y ministros de la Provincia de Buenos Aires presentamos\u2026 <a href=\"https:\/\/t.co\/Gyar2AG5IL\">pic.twitter.com\/Gyar2AG5IL<\/a><\/p>&mdash; Nicol\u00e1s Kreplak (@nkreplak) <a href=\"https:\/\/twitter.com\/nkreplak\/status\/2049525430001033417?ref_src=twsrc%5Etfw\">April 29, 2026<\/a><\/blockquote><script async src=\"https:\/\/platform.twitter.com\/widgets.js\" charset=\"utf-8\"><\/script><\/div>\n<\/div><\/figure>\n\n\n\n<p><\/p>\n\n\n\n<p>Cabe destacar que<strong> en la sede ministerial se inform\u00f3 que no ser\u00e1n recibidos <\/strong>y la <strong>ministra, Sandra Pettovello, se encuentra en el Congreso de la Naci\u00f3n<\/strong> donde <a href=\"https:\/\/cdnoticias.com\/index.php\/2026\/04\/29\/ezequiel-galli-presente-en-el-congreso-durante-el-informe-de-gestion-de-adorni\/\" target=\"_blank\" rel=\"noreferrer noopener\">el jefe de gabinete Manuel Adorni brinda el informe de gesti\u00f3n en un contexto \u201calta tensi\u00f3n\u201d pol\u00edtica<\/a>.<\/p>\n\n\n\n<p><\/p>\n\n\n\n<p>Los intendentes de la provincia de Buenos Aires reclaman los <strong>montos correspondientes al Servicio Alimentario Escolar (SAE).<\/strong><\/p>\n\n\n\n<p><\/p>\n\n\n\n<figure class=\"wp-block-embed is-type-rich is-provider-twitter wp-block-embed-twitter\"><div class=\"wp-block-embed__wrapper\">\n<div class=\"embed-twitter\"><blockquote class=\"twitter-tweet\" data-width=\"550\" data-dnt=\"true\"><p lang=\"es\" dir=\"ltr\">\u25aa\ufe0fComunicado del Consejo del Partido Justicialista de la Provincia de Buenos Aires con nuevas autoridades <a href=\"https:\/\/t.co\/WjziW0RDW7\">pic.twitter.com\/WjziW0RDW7<\/a><\/p>&mdash; PJ Provincia de Buenos Aires (@BonaerensePJ) <a href=\"https:\/\/twitter.com\/BonaerensePJ\/status\/2047825874829918453?ref_src=twsrc%5Etfw\">April 24, 2026<\/a><\/blockquote><script async src=\"https:\/\/platform.twitter.com\/widgets.js\" charset=\"utf-8\"><\/script><\/div>\n<\/div><\/figure>\n\n\n\n<p><\/p>\n\n\n\n<p>La decisi\u00f3n surgi\u00f3 en la <strong>\u00faltima reuni\u00f3n del Partido Justicialista bonaerense<\/strong> que tuvo lugar en La Plata el pasado viernes, donde tambi\u00e9n se acord\u00f3 actualizar y ampliar el padr\u00f3n de afiliados a la par de convocar a una <strong>manifestaci\u00f3n para este jueves enmarcada en el D\u00eda del Trabajador<\/strong>.<\/p>\n\n\n\n<p><\/p>\n\n\n\n<blockquote class=\"wp-block-quote is-layout-flow wp-block-quote-is-layout-flow\">\n<p>El ministro de Desarrollo de la Comunidad bonaerense, Andr\u00e9s \u201cCuervo\u201d Larroque, precis\u00f3 en el c\u00f3nclave que la deuda de la Naci\u00f3n a la Provincia es de 220.000 millones de pesos por el SAE. El funcionario se\u00f1al\u00f3 que el Gobierno nacional se hab\u00eda comprometido a financiar el 20% del SAE pero solamente gir\u00f3 poco m\u00e1s del 10%.<\/p>\n<\/blockquote>\n\n\n\n<p><\/p>\n\n\n\n<p><em>\u201cLo que estamos pidiendo es que se cumpla con una parte m\u00ednima de lo que hist\u00f3ricamente aportaba el Estado nacional\u201d<\/em>, reclam\u00f3 Larroque.<\/p>\n\n\n\n<p><\/p>\n\n\n\n<p>Foto de tapa: <em>Bel\u00e9n Robledo<\/em><\/p>\n","protected":false},"excerpt":{"rendered":"<p>Los jefes comunales bonaerenses se movilizan este mi\u00e9rcoles en demanda de fondos adeudados al Servicio Alimentario Escolar (SAE).<\/p>\n","protected":false},"author":4,"featured_media":201920,"comment_status":"closed","ping_status":"closed","sticky":false,"template":"","format":"standard","meta":{"_jetpack_memberships_contains_paid_content":false,"footnotes":""},"categories":[7,4],"tags":[],"class_list":["post-201919","post","type-post","status-publish","format-standard","has-post-thumbnail","hentry","category-central","category-politica"],"jetpack_featured_media_url":"https:\/\/i0.wp.com\/cdnoticias.com\/wp-content\/uploads\/2026\/04\/wesner-capital-humano-00.jpg?fit=2048%2C1140&ssl=1","jetpack_sharing_enabled":true,"_links":{"self":[{"href":"https:\/\/cdnoticias.com\/index.php\/wp-json\/wp\/v2\/posts\/201919","targetHints":{"allow":["GET"]}}],"collection":[{"href":"https:\/\/cdnoticias.com\/index.php\/wp-json\/wp\/v2\/posts"}],"about":[{"href":"https:\/\/cdnoticias.com\/index.php\/wp-json\/wp\/v2\/types\/post"}],"author":[{"embeddable":true,"href":"https:\/\/cdnoticias.com\/index.php\/wp-json\/wp\/v2\/users\/4"}],"replies":[{"embeddable":true,"href":"https:\/\/cdnoticias.com\/index.php\/wp-json\/wp\/v2\/comments?post=201919"}],"version-history":[{"count":3,"href":"https:\/\/cdnoticias.com\/index.php\/wp-json\/wp\/v2\/posts\/201919\/revisions"}],"predecessor-version":[{"id":201925,"href":"https:\/\/cdnoticias.com\/index.php\/wp-json\/wp\/v2\/posts\/201919\/revisions\/201925"}],"wp:featuredmedia":[{"embeddable":true,"href":"https:\/\/cdnoticias.com\/index.php\/wp-json\/wp\/v2\/media\/201920"}],"wp:attachment":[{"href":"https:\/\/cdnoticias.com\/index.php\/wp-json\/wp\/v2\/media?parent=201919"}],"wp:term":[{"taxonomy":"category","embeddable":true,"href":"https:\/\/cdnoticias.com\/index.php\/wp-json\/wp\/v2\/categories?post=201919"},{"taxonomy":"post_tag","embeddable":true,"href":"https:\/\/cdnoticias.com\/index.php\/wp-json\/wp\/v2\/tags?post=201919"}],"curies":[{"name":"wp","href":"https:\/\/api.w.org\/{rel}","templated":true}]}}