{"id":201911,"date":"2026-04-29T12:52:35","date_gmt":"2026-04-29T15:52:35","guid":{"rendered":"https:\/\/cdnoticias.com\/?p=201911"},"modified":"2026-04-29T12:52:37","modified_gmt":"2026-04-29T15:52:37","slug":"ezequiel-galli-presente-en-el-congreso-durante-el-informe-de-gestion-de-adorni","status":"publish","type":"post","link":"https:\/\/cdnoticias.com\/index.php\/2026\/04\/29\/ezequiel-galli-presente-en-el-congreso-durante-el-informe-de-gestion-de-adorni\/","title":{"rendered":"Ezequiel Galli, presente en el Congreso durante el informe de gesti\u00f3n de Adorni"},"content":{"rendered":"<p>El ex intendente de Olavarr\u00eda y actual funcionario del Ministerio de Interior de la Naci\u00f3n est\u00e1 en uno de los palcos de la C\u00e1mara de Diputados.<\/p>\n\n\n<hr class=\"wp-block-separator has-alpha-channel-opacity\"\/>\n\n\n\n<!--more-->\n\n\n\n<p>La <strong>agenda pol\u00edtica nacional <\/strong>tiene <strong>este mi\u00e9rcoles<\/strong> una noticia destacada: la <strong>presencia del jefe de Gabinete nacional, Manuel Adorni, en la C\u00e1mara de Diputados<\/strong> en medio de sus c<strong>uestionamientos pol\u00edticos y judiciales <\/strong>por <strong>compras de departamentos y viajes al exterior.<\/strong><\/p>\n\n\n\n<p><\/p>\n\n\n\n<p>En ese contexto, el <strong>apoyo del oficialismo de la mano de Javier y Karina Milei<\/strong>, y todo su Gabinete, era uno de los temas a subrayar mientras<strong> se esperaban duras cr\u00edticas de la oposici\u00f3n en el recinto<\/strong>. De hecho, <strong>el Presidente de la Naci\u00f3n estuvo en el Congreso<\/strong>.<\/p>\n\n\n\n<p><\/p>\n\n\n\n<blockquote class=\"wp-block-quote is-layout-flow wp-block-quote-is-layout-flow\">\n<p>As\u00ed se registraron asistencias de importantes funcionarios a la C\u00e1mara para el informe de gesti\u00f3n que brinda Manuel Adorni. Y una de las presencias es la del ex intendente de Olavarr\u00eda y actual funcionario del Ministerio de Interior de la Naci\u00f3n, Ezequiel Galli. Est\u00e1 en uno de los palcos del recinto donde desde las 10.30 se desarrolla la actividad legislativa.<\/p>\n<\/blockquote>\n\n\n\n<p><\/p>\n\n\n\n<p>La sesi\u00f3n es de<strong> \u201calta tensi\u00f3n\u201d <\/strong>en Diputados mientras Adorni atraviesa denuncias judiciales por el incremento de su patrimonio. Los<strong> diputados libertarios, ministros y militantes<\/strong> que colmaron los palcos de invitados <strong>se expresan con aplausos<\/strong> hacia las palabras del funcionario.<\/p>\n\n\n\n<p><\/p>\n\n\n\n<figure class=\"wp-block-image size-full\"><img data-recalc-dims=\"1\" loading=\"lazy\" decoding=\"async\" width=\"800\" height=\"446\" src=\"https:\/\/i0.wp.com\/cdnoticias.com\/wp-content\/uploads\/2026\/04\/congreso-adorni-00.jpg?resize=800%2C446&#038;ssl=1\" alt=\"\" class=\"wp-image-201916\" srcset=\"https:\/\/i0.wp.com\/cdnoticias.com\/wp-content\/uploads\/2026\/04\/congreso-adorni-00.jpg?w=1000&amp;ssl=1 1000w, https:\/\/i0.wp.com\/cdnoticias.com\/wp-content\/uploads\/2026\/04\/congreso-adorni-00.jpg?resize=300%2C167&amp;ssl=1 300w, https:\/\/i0.wp.com\/cdnoticias.com\/wp-content\/uploads\/2026\/04\/congreso-adorni-00.jpg?resize=768%2C428&amp;ssl=1 768w, https:\/\/i0.wp.com\/cdnoticias.com\/wp-content\/uploads\/2026\/04\/congreso-adorni-00.jpg?resize=800%2C445&amp;ssl=1 800w\" sizes=\"auto, (max-width: 800px) 100vw, 800px\" \/><\/figure>\n\n\n\n<p><\/p>\n\n\n\n<h2 class=\"wp-block-heading\">La sesi\u00f3n<\/h2>\n\n\n\n<p><\/p>\n\n\n\n<p>El jefe de Gabinete, Manuel Adorni, <strong>denunci\u00f3 que el kirchnerismo, empresarios \u201cprebendarios\u201d y algunos medios de comunicaci\u00f3n, realizaron una \u201coperaci\u00f3n golpista\u201d<\/strong> a mediados del a\u00f1o pasado que retras\u00f3, a su criterio, la \u201creconstrucci\u00f3n\u201d del camino elegido por el gobierno libertario.<\/p>\n\n\n\n<p><\/p>\n\n\n\n<p>En el primer tramo de su discurso, <strong>Adorni atac\u00f3 con dureza al kirchnerismo y defendi\u00f3 el &#8220;plan anti-inflacionario&#8221; <\/strong>aplicado por el oficialismo al se\u00f1alar que se descendi\u00f3 en dos a\u00f1os del 211% al 31%.<\/p>\n\n\n\n<p><\/p>\n\n\n\n<blockquote class=\"wp-block-quote is-layout-flow wp-block-quote-is-layout-flow\">\n<p>Adorni se\u00f1al\u00f3: \u201cRecibimos un pa\u00eds en crisis: cepo y brecha cambiaria del 200%, d\u00e9ficit fiscal alt\u00edsimo, Estado sobredimensionado, pobreza infantil del 60%, piquetes, violencia, sistemas de salud y educaci\u00f3n devastados, y aislamiento internacional\u201d.<\/p>\n<\/blockquote>\n\n\n\n<p><\/p>\n\n\n\n<p>Destac\u00f3 que<strong> si no actuaban r\u00e1pido, &#8220;la econom\u00eda y la pobreza hubieran colapsado a\u00fan m\u00e1s\u201d<\/strong>. \u201cEl kirchnerismo intent\u00f3 desestabilizar durante la campa\u00f1a, generando corrida cambiaria y suba de tasas, lo que agrav\u00f3 la situaci\u00f3n\u201d, subray\u00f3.<\/p>\n\n\n\n<p><\/p>\n\n\n\n<figure class=\"wp-block-image size-full\"><img data-recalc-dims=\"1\" loading=\"lazy\" decoding=\"async\" width=\"800\" height=\"445\" src=\"https:\/\/i0.wp.com\/cdnoticias.com\/wp-content\/uploads\/2026\/04\/congreso-adorni-00-milei.jpg?resize=800%2C445&#038;ssl=1\" alt=\"\" class=\"wp-image-201917\" srcset=\"https:\/\/i0.wp.com\/cdnoticias.com\/wp-content\/uploads\/2026\/04\/congreso-adorni-00-milei.jpg?w=1000&amp;ssl=1 1000w, https:\/\/i0.wp.com\/cdnoticias.com\/wp-content\/uploads\/2026\/04\/congreso-adorni-00-milei.jpg?resize=300%2C167&amp;ssl=1 300w, https:\/\/i0.wp.com\/cdnoticias.com\/wp-content\/uploads\/2026\/04\/congreso-adorni-00-milei.jpg?resize=768%2C427&amp;ssl=1 768w, https:\/\/i0.wp.com\/cdnoticias.com\/wp-content\/uploads\/2026\/04\/congreso-adorni-00-milei.jpg?resize=800%2C445&amp;ssl=1 800w\" sizes=\"auto, (max-width: 800px) 100vw, 800px\" \/><\/figure>\n\n\n\n<p><\/p>\n\n\n\n<p>A su vez, agreg\u00f3: \u201cA pesar de esto, no nos desviamos: <strong>logramos super\u00e1vit fiscal <\/strong>por primera vez en m\u00e1s de un siglo, <strong>bajamos el gasto p\u00fablico <\/strong>al m\u00ednimo en diez a\u00f1os, <strong>eliminamos estructuras estatales<\/strong> innecesarias y privilegios\u201d.<\/p>\n\n\n\n<p><\/p>\n\n\n\n<p>En su discurso<strong> reconoci\u00f3 que \u201chubo un retraso en nuestro camino<\/strong> de la reconstrucci\u00f3n que se explica, en gran parte, por un fen\u00f3meno que vivimos con historia crudeza durante la segunda mitad del a\u00f1o pasado, la <strong>operaci\u00f3n golpista que el kirchnerismo y la izquierda<\/strong> ejecutaron en plena campa\u00f1a electoral\u201d. En ese sentido, Adorni se\u00f1al\u00f3 que <strong>\u201cel riesgo pa\u00eds se dispar\u00f3<\/strong> en funci\u00f3n de una posible victoria del kirchnerismo en las urnas\u201d y eso <strong>\u201ctrajo serias dificultades para la gente de a pie y afect\u00f3 negativamente el bolsillo de los argentinos\u201d<\/strong>.<\/p>\n\n\n\n<p><\/p>\n\n\n\n<blockquote class=\"wp-block-quote is-layout-flow wp-block-quote-is-layout-flow\">\n<p>\u201cComo si esto fuera poco, la oposici\u00f3n se dedic\u00f3 a operar financieramente en contra del gobierno y a impulsar leyes en el Congreso de la Naci\u00f3n con el \u00fanico prop\u00f3sito de romper el equilibrio fiscal\u201d, destac\u00f3 y sum\u00f3: &#8220;Todav\u00eda sufrimos los efectos de aquel ataque, pero eso no nos debi\u00f3 un cent\u00edmetro de nuestro camino\u201d.<\/p>\n<\/blockquote>\n\n\n\n<p><\/p>\n\n\n\n<p>\u201cGracias a que hicimos los deberes,<strong> ya pasamos la peor parte de la tormenta.<\/strong> Las tasas est\u00e1n bajando y el cr\u00e9dito est\u00e1 expandi\u00e9ndose. <strong>La inflaci\u00f3n, a pesar de los efectos de este ataque, continuar\u00e1 su camino a la baja.<\/strong> La actividad econ\u00f3mica est\u00e1 mejorando\u201d, sostuvo.<\/p>\n\n\n\n<p><\/p>\n\n\n\n<p>Cerca del mediod\u00eda la sesi\u00f3n tom\u00f3 un cuarto intermedio para pasar a las <strong>preguntas de los legisladores nacionales <\/strong>de todos los bloques.<\/p>\n\n\n\n<p><\/p>\n\n\n\n<p>Fuente: <em>con informaci\u00f3n de NA<\/em><\/p>\n","protected":false},"excerpt":{"rendered":"<p>El ex intendente de Olavarr\u00eda y actual funcionario del Ministerio de Interior de la Naci\u00f3n est\u00e1 en uno de los<\/p>\n","protected":false},"author":4,"featured_media":201915,"comment_status":"closed","ping_status":"closed","sticky":false,"template":"","format":"standard","meta":{"_jetpack_memberships_contains_paid_content":false,"footnotes":""},"categories":[7,4],"tags":[],"class_list":["post-201911","post","type-post","status-publish","format-standard","has-post-thumbnail","hentry","category-central","category-politica"],"jetpack_featured_media_url":"https:\/\/i0.wp.com\/cdnoticias.com\/wp-content\/uploads\/2026\/04\/ezequiel-galli-congreso-adorni-00.jpg?fit=1000%2C556&ssl=1","jetpack_sharing_enabled":true,"_links":{"self":[{"href":"https:\/\/cdnoticias.com\/index.php\/wp-json\/wp\/v2\/posts\/201911","targetHints":{"allow":["GET"]}}],"collection":[{"href":"https:\/\/cdnoticias.com\/index.php\/wp-json\/wp\/v2\/posts"}],"about":[{"href":"https:\/\/cdnoticias.com\/index.php\/wp-json\/wp\/v2\/types\/post"}],"author":[{"embeddable":true,"href":"https:\/\/cdnoticias.com\/index.php\/wp-json\/wp\/v2\/users\/4"}],"replies":[{"embeddable":true,"href":"https:\/\/cdnoticias.com\/index.php\/wp-json\/wp\/v2\/comments?post=201911"}],"version-history":[{"count":1,"href":"https:\/\/cdnoticias.com\/index.php\/wp-json\/wp\/v2\/posts\/201911\/revisions"}],"predecessor-version":[{"id":201918,"href":"https:\/\/cdnoticias.com\/index.php\/wp-json\/wp\/v2\/posts\/201911\/revisions\/201918"}],"wp:featuredmedia":[{"embeddable":true,"href":"https:\/\/cdnoticias.com\/index.php\/wp-json\/wp\/v2\/media\/201915"}],"wp:attachment":[{"href":"https:\/\/cdnoticias.com\/index.php\/wp-json\/wp\/v2\/media?parent=201911"}],"wp:term":[{"taxonomy":"category","embeddable":true,"href":"https:\/\/cdnoticias.com\/index.php\/wp-json\/wp\/v2\/categories?post=201911"},{"taxonomy":"post_tag","embeddable":true,"href":"https:\/\/cdnoticias.com\/index.php\/wp-json\/wp\/v2\/tags?post=201911"}],"curies":[{"name":"wp","href":"https:\/\/api.w.org\/{rel}","templated":true}]}}