{"id":201910,"date":"2026-04-30T18:30:26","date_gmt":"2026-04-30T21:30:26","guid":{"rendered":"https:\/\/cdnoticias.com\/?p=201910"},"modified":"2026-04-30T18:30:28","modified_gmt":"2026-04-30T21:30:28","slug":"la-feria-de-la-economia-popular-del-mte-celebra-su-quinto-aniversario-en-el-corsodromo","status":"publish","type":"post","link":"https:\/\/cdnoticias.com\/index.php\/2026\/04\/30\/la-feria-de-la-economia-popular-del-mte-celebra-su-quinto-aniversario-en-el-corsodromo\/","title":{"rendered":"La Feria de la Econom\u00eda Popular del MTE celebra su quinto aniversario en el Cors\u00f3dromo"},"content":{"rendered":"\n<p>Habr\u00e1 m\u00e1s de 80 puestos con productos a precios accesibles y shows en vivo de artistas locales. La actividad ser\u00e1 este viernes 1\u00b0 de mayo desde las 15.<\/p>\n\n\n\n<hr class=\"wp-block-separator has-alpha-channel-opacity\"\/>\n\n\n\n<p>La<strong> Feria de la Econom\u00eda Popular, impulsada por la rama de espacios p\u00fablicos del MTE,<\/strong> celebrar\u00e1 su <strong>5\u00b0 aniversario este viernes 1\u00b0 de mayo en el Cors\u00f3dromo Municipal de Olavarr\u00eda, <\/strong>ubicado en la intersecci\u00f3n de Jun\u00edn y Belgrano.<\/p>\n\n\n\n<p><\/p>\n\n\n\n<p>La jornada<strong> comenzar\u00e1 a las 15 y contar\u00e1 con m\u00e1s de 80 puestos <\/strong>que ofrecer\u00e1n una amplia variedad de productos, entre ellos ropa, gastronom\u00eda, art\u00edculos para el hogar, artesan\u00edas y propuestas de emprendedores locales, todos a precios accesibles.<\/p>\n\n\n\n<p><\/p>\n\n\n\n<p>Adem\u00e1s, el evento incluir\u00e1 una grilla de<strong> artistas locales en vivo,<\/strong> entre los que se destaca la presentaci\u00f3n de Oscar Spilman, junto a otras propuestas culturales pensadas para toda la familia.<\/p>\n\n\n\n<p><\/p>\n\n\n\n<p>Desde la organizaci\u00f3n destacaron que <strong>la feria se consolid\u00f3 como un espacio de trabajo, producci\u00f3n y encuentro<\/strong>, donde trabajadores y trabajadoras de la econom\u00eda popular desarrollan sus emprendimientos y generan alternativas laborales a partir de la <strong>organizaci\u00f3n comunitaria.<\/strong><\/p>\n\n\n\n<p><\/p>\n\n\n\n<p>En ese sentido, se\u00f1alaron que \u201cestos cinco a\u00f1os representan el crecimiento de la econom\u00eda popular en la ciudad, pero tambi\u00e9n la<strong> construcci\u00f3n de una alternativa basada en el trabajo, la organizaci\u00f3n y la comunidad<\/strong>\u201d.<\/p>\n\n\n\n<p><\/p>\n\n\n\n<p>La actividad es <strong>abierta a toda la comunidad<\/strong> y busca promover el acompa\u00f1amiento al trabajo local, fortalecer los circuitos de producci\u00f3n y consumo popular, y celebrar colectivamente un nuevo aniversario.<\/p>\n","protected":false},"excerpt":{"rendered":"<p>Habr\u00e1 m\u00e1s de 80 puestos con productos a precios accesibles y shows en vivo de artistas locales. La actividad ser\u00e1<\/p>\n","protected":false},"author":5,"featured_media":201912,"comment_status":"closed","ping_status":"closed","sticky":false,"template":"","format":"standard","meta":{"_jetpack_memberships_contains_paid_content":false,"footnotes":""},"categories":[5,1],"tags":[],"class_list":["post-201910","post","type-post","status-publish","format-standard","has-post-thumbnail","hentry","category-informacion-general","category-portada"],"jetpack_featured_media_url":"https:\/\/i0.wp.com\/cdnoticias.com\/wp-content\/uploads\/2026\/04\/feria-mte.png?fit=800%2C445&ssl=1","jetpack_sharing_enabled":true,"_links":{"self":[{"href":"https:\/\/cdnoticias.com\/index.php\/wp-json\/wp\/v2\/posts\/201910","targetHints":{"allow":["GET"]}}],"collection":[{"href":"https:\/\/cdnoticias.com\/index.php\/wp-json\/wp\/v2\/posts"}],"about":[{"href":"https:\/\/cdnoticias.com\/index.php\/wp-json\/wp\/v2\/types\/post"}],"author":[{"embeddable":true,"href":"https:\/\/cdnoticias.com\/index.php\/wp-json\/wp\/v2\/users\/5"}],"replies":[{"embeddable":true,"href":"https:\/\/cdnoticias.com\/index.php\/wp-json\/wp\/v2\/comments?post=201910"}],"version-history":[{"count":1,"href":"https:\/\/cdnoticias.com\/index.php\/wp-json\/wp\/v2\/posts\/201910\/revisions"}],"predecessor-version":[{"id":202068,"href":"https:\/\/cdnoticias.com\/index.php\/wp-json\/wp\/v2\/posts\/201910\/revisions\/202068"}],"wp:featuredmedia":[{"embeddable":true,"href":"https:\/\/cdnoticias.com\/index.php\/wp-json\/wp\/v2\/media\/201912"}],"wp:attachment":[{"href":"https:\/\/cdnoticias.com\/index.php\/wp-json\/wp\/v2\/media?parent=201910"}],"wp:term":[{"taxonomy":"category","embeddable":true,"href":"https:\/\/cdnoticias.com\/index.php\/wp-json\/wp\/v2\/categories?post=201910"},{"taxonomy":"post_tag","embeddable":true,"href":"https:\/\/cdnoticias.com\/index.php\/wp-json\/wp\/v2\/tags?post=201910"}],"curies":[{"name":"wp","href":"https:\/\/api.w.org\/{rel}","templated":true}]}}