{"id":201899,"date":"2026-04-29T16:02:03","date_gmt":"2026-04-29T19:02:03","guid":{"rendered":"https:\/\/cdnoticias.com\/?p=201899"},"modified":"2026-04-29T18:00:27","modified_gmt":"2026-04-29T21:00:27","slug":"violencia-de-genero-allanamiento-y-detencion-en-barrio-el-progreso","status":"publish","type":"post","link":"https:\/\/cdnoticias.com\/index.php\/2026\/04\/29\/violencia-de-genero-allanamiento-y-detencion-en-barrio-el-progreso\/","title":{"rendered":"Violencia de g\u00e9nero: allanamiento y detenci\u00f3n en barrio El Progreso"},"content":{"rendered":"<p>Un hombre de 30 a\u00f1os qued\u00f3 imputado por lesiones leves, violaci\u00f3n de domicilio y da\u00f1o. Amplio despliegue policial. Durante el procedimiento se secuestr\u00f3 un arma blanca.<\/p>\n\n\n<hr class=\"wp-block-separator has-alpha-channel-opacity\"\/>\n\n\n\n<!--more-->\n\n\n\n<p>En <strong>barrio El Progreso de Olavarr\u00eda<\/strong> un<strong> hombre<\/strong> fue <strong>detenido en el marco de una causa caratulada \u201clesiones leves-violaci\u00f3n de domicilio-da\u00f1o\u201d <\/strong>enmarcado en un caso de <strong>violencia de g\u00e9nero<\/strong>.<\/p>\n\n\n\n<p><\/p>\n\n\n\n<p>Las actuaciones, impulsadas por la UFI N\u00ba 5, incluyeron el <strong>allanamiento a la vivienda de Rep\u00fablica del L\u00edbano al 300<\/strong> donde fue detenido el acusado, <strong>de 30 a\u00f1os.<\/strong><\/p>\n\n\n\n<p><\/p>\n\n\n\n<p>El procedimiento se concret\u00f3 este mi\u00e9rcoles. Efectivos policiales del <strong>Gabinete T\u00e9cnico Operativo de la Comisar\u00eda Primera<\/strong>, en conjunto con el <strong>Grupo de Apoyo Departamental<\/strong> y de la<strong> Comisar\u00eda de la Mujer y la Familia <\/strong>tomaron intervenci\u00f3n en las actuaciones.<\/p>\n\n\n\n<p><\/p>\n\n\n\n<blockquote class=\"wp-block-quote is-layout-flow wp-block-quote-is-layout-flow\">\n<p>Seg\u00fan se inform\u00f3, el operativo<strong> <\/strong>arroj\u00f3 resultado positivo. As\u00ed se logr\u00f3 la detenci\u00f3n del imputado y, durante el registro al domicilio, se procedi\u00f3 al secuestro de un arma blanca. Se trata de un cuchillo con su respectiva vaina. Dicho elemento hab\u00eda sido requerido en la orden judicial.<\/p>\n<\/blockquote>\n\n\n\n<p><\/p>\n\n\n\n<p>El detenido qued\u00f3 <strong>alojado en la Comisar\u00eda Primera<\/strong> a la espera de<strong> cupo en una unidad penitenciaria<\/strong>.<\/p>\n\n\n\n<p><\/p>\n\n\n\n<p>La causa penal est\u00e1 a cargo de la <strong>UFI N\u00b0 05<\/strong> que encabeza la<strong> fiscal Mariela Viceconte<\/strong>. Se trata de la Fiscal\u00eda que interviene en todos los casos de violencia familiar y de g\u00e9nero en Olavarr\u00eda.<\/p>\n\n\n\n<p><\/p>\n","protected":false},"excerpt":{"rendered":"<p>Un hombre de 30 a\u00f1os qued\u00f3 imputado por lesiones leves, violaci\u00f3n de domicilio y da\u00f1o. Amplio despliegue policial. Durante el<\/p>\n","protected":false},"author":4,"featured_media":201900,"comment_status":"closed","ping_status":"closed","sticky":false,"template":"","format":"standard","meta":{"_jetpack_memberships_contains_paid_content":false,"footnotes":""},"categories":[14,1],"tags":[],"class_list":["post-201899","post","type-post","status-publish","format-standard","has-post-thumbnail","hentry","category-policiales","category-portada"],"jetpack_featured_media_url":"https:\/\/i0.wp.com\/cdnoticias.com\/wp-content\/uploads\/2026\/04\/libano-al-300a.jpg?fit=1000%2C557&ssl=1","jetpack_sharing_enabled":true,"_links":{"self":[{"href":"https:\/\/cdnoticias.com\/index.php\/wp-json\/wp\/v2\/posts\/201899","targetHints":{"allow":["GET"]}}],"collection":[{"href":"https:\/\/cdnoticias.com\/index.php\/wp-json\/wp\/v2\/posts"}],"about":[{"href":"https:\/\/cdnoticias.com\/index.php\/wp-json\/wp\/v2\/types\/post"}],"author":[{"embeddable":true,"href":"https:\/\/cdnoticias.com\/index.php\/wp-json\/wp\/v2\/users\/4"}],"replies":[{"embeddable":true,"href":"https:\/\/cdnoticias.com\/index.php\/wp-json\/wp\/v2\/comments?post=201899"}],"version-history":[{"count":0,"href":"https:\/\/cdnoticias.com\/index.php\/wp-json\/wp\/v2\/posts\/201899\/revisions"}],"wp:featuredmedia":[{"embeddable":true,"href":"https:\/\/cdnoticias.com\/index.php\/wp-json\/wp\/v2\/media\/201900"}],"wp:attachment":[{"href":"https:\/\/cdnoticias.com\/index.php\/wp-json\/wp\/v2\/media?parent=201899"}],"wp:term":[{"taxonomy":"category","embeddable":true,"href":"https:\/\/cdnoticias.com\/index.php\/wp-json\/wp\/v2\/categories?post=201899"},{"taxonomy":"post_tag","embeddable":true,"href":"https:\/\/cdnoticias.com\/index.php\/wp-json\/wp\/v2\/tags?post=201899"}],"curies":[{"name":"wp","href":"https:\/\/api.w.org\/{rel}","templated":true}]}}