{"id":201890,"date":"2026-04-29T10:41:00","date_gmt":"2026-04-29T13:41:00","guid":{"rendered":"https:\/\/cdnoticias.com\/?p=201890"},"modified":"2026-04-29T10:41:03","modified_gmt":"2026-04-29T13:41:03","slug":"imputaron-a-un-joven-de-22-anos-por-un-robo-en-una-vivienda","status":"publish","type":"post","link":"https:\/\/cdnoticias.com\/index.php\/2026\/04\/29\/imputaron-a-un-joven-de-22-anos-por-un-robo-en-una-vivienda\/","title":{"rendered":"Imputaron a un joven de 22 a\u00f1os por un robo en una vivienda"},"content":{"rendered":"\n<p>La investigaci\u00f3n se inici\u00f3 tras un llamado al 911 que alert\u00f3 sobre el ingreso forzado a una casa. Se recuperaron todos los elementos sustra\u00eddos.<\/p>\n\n\n\n<hr class=\"wp-block-separator has-alpha-channel-opacity\"\/>\n\n\n\n<p>Un hombre de 22 a\u00f1os fue imputado por un<strong> robo ocurrido d\u00edas pasados en una vivienda ubicada en la calle Merlo al 2100.<\/strong><\/p>\n\n\n\n<p><\/p>\n\n\n\n<p>De acuerdo a la informaci\u00f3n oficial, el hecho fue advertido a partir de un llamado al 911, lo que motiv\u00f3 la intervenci\u00f3n de personal del Comando de Patrullas. Al arribar al lugar, <strong>el damnificado relat\u00f3 que instantes antes una persona hab\u00eda ingresado a su domicilio tras forzar una ventana frontal y sustrajo diversas pertenencias, d\u00e1ndose luego a la fuga.<\/strong><\/p>\n\n\n\n<p><\/p>\n\n\n\n<p>En el marco de la investigaci\u00f3n,<strong> la v\u00edctima aport\u00f3 registros de c\u00e1maras de seguridad propias. <\/strong>A partir de esas im\u00e1genes, se logr\u00f3 identificar al presunto autor del hecho, quien<strong> fue reconocido debido a contar con antecedentes delictivos.<\/strong><\/p>\n\n\n\n<p><\/p>\n\n\n\n<p>Con estos datos, efectivos policiales realizaron recorridas en la zona y se dirigieron al domicilio del sospechoso. All\u00ed se concret\u00f3 un allanamiento con anuencia, procedimiento que <strong>permiti\u00f3 recuperar la totalidad de los elementos sustra\u00eddos: una aspiradora en caja con accesorios, una pistola el\u00e9ctrica para pintar \u2014tambi\u00e9n en caja\u2014, dos soldadores de esta\u00f1o el\u00e9ctricos sin marca visible y dos destornilladores tipo Philips.<\/strong><\/p>\n\n\n\n<p><\/p>\n\n\n\n<p>La causa fue caratulada como \u201crobo\u201d y es investigada por la UFI N\u00b004, a cargo de la Dra. Serrano.<\/p>\n","protected":false},"excerpt":{"rendered":"<p>La investigaci\u00f3n se inici\u00f3 tras un llamado al 911 que alert\u00f3 sobre el ingreso forzado a una casa. Se recuperaron<\/p>\n","protected":false},"author":5,"featured_media":201891,"comment_status":"closed","ping_status":"closed","sticky":false,"template":"","format":"standard","meta":{"_jetpack_memberships_contains_paid_content":false,"footnotes":""},"categories":[7,14],"tags":[],"class_list":["post-201890","post","type-post","status-publish","format-standard","has-post-thumbnail","hentry","category-central","category-policiales"],"jetpack_featured_media_url":"https:\/\/i0.wp.com\/cdnoticias.com\/wp-content\/uploads\/2026\/04\/robo-vivienda.png?fit=800%2C445&ssl=1","jetpack_sharing_enabled":true,"_links":{"self":[{"href":"https:\/\/cdnoticias.com\/index.php\/wp-json\/wp\/v2\/posts\/201890","targetHints":{"allow":["GET"]}}],"collection":[{"href":"https:\/\/cdnoticias.com\/index.php\/wp-json\/wp\/v2\/posts"}],"about":[{"href":"https:\/\/cdnoticias.com\/index.php\/wp-json\/wp\/v2\/types\/post"}],"author":[{"embeddable":true,"href":"https:\/\/cdnoticias.com\/index.php\/wp-json\/wp\/v2\/users\/5"}],"replies":[{"embeddable":true,"href":"https:\/\/cdnoticias.com\/index.php\/wp-json\/wp\/v2\/comments?post=201890"}],"version-history":[{"count":1,"href":"https:\/\/cdnoticias.com\/index.php\/wp-json\/wp\/v2\/posts\/201890\/revisions"}],"predecessor-version":[{"id":201892,"href":"https:\/\/cdnoticias.com\/index.php\/wp-json\/wp\/v2\/posts\/201890\/revisions\/201892"}],"wp:featuredmedia":[{"embeddable":true,"href":"https:\/\/cdnoticias.com\/index.php\/wp-json\/wp\/v2\/media\/201891"}],"wp:attachment":[{"href":"https:\/\/cdnoticias.com\/index.php\/wp-json\/wp\/v2\/media?parent=201890"}],"wp:term":[{"taxonomy":"category","embeddable":true,"href":"https:\/\/cdnoticias.com\/index.php\/wp-json\/wp\/v2\/categories?post=201890"},{"taxonomy":"post_tag","embeddable":true,"href":"https:\/\/cdnoticias.com\/index.php\/wp-json\/wp\/v2\/tags?post=201890"}],"curies":[{"name":"wp","href":"https:\/\/api.w.org\/{rel}","templated":true}]}}