{"id":201887,"date":"2026-04-29T10:24:39","date_gmt":"2026-04-29T13:24:39","guid":{"rendered":"https:\/\/cdnoticias.com\/?p=201887"},"modified":"2026-04-29T10:24:41","modified_gmt":"2026-04-29T13:24:41","slug":"el-consejo-academico-de-salud-de-la-unicen-repudio-dichos-de-una-concejal-sobre-el-uso-de-fondos","status":"publish","type":"post","link":"https:\/\/cdnoticias.com\/index.php\/2026\/04\/29\/el-consejo-academico-de-salud-de-la-unicen-repudio-dichos-de-una-concejal-sobre-el-uso-de-fondos\/","title":{"rendered":"El Consejo Acad\u00e9mico de Salud de la UNICEN repudi\u00f3 dichos de una concejal sobre el uso de fondos"},"content":{"rendered":"\n<p>El \u00f3rgano de gobierno calific\u00f3 las acusaciones como infundadas y de una \u201cgravedad institucional inadmisible\u201d. Tambi\u00e9n reclam\u00f3 retomar una obra clave para la Facultad en Olavarr\u00eda.<\/p>\n\n\n\n<hr class=\"wp-block-separator has-alpha-channel-opacity\"\/>\n\n\n\n<p>El Consejo Acad\u00e9mico de la Facultad de Ciencias de la Salud de la UNICEN expres\u00f3 su \u201cfirme repudio\u201d a las<a href=\"https:\/\/cdnoticias.com\/index.php\/2026\/04\/23\/hcd-denuncian-presunto-desvio-de-fondos-en-la-unicen-por-parte-del-rector-aba\/\" data-type=\"link\" data-id=\"https:\/\/cdnoticias.com\/index.php\/2026\/04\/23\/hcd-denuncian-presunto-desvio-de-fondos-en-la-unicen-por-parte-del-rector-aba\/\"> declaraciones realizadas por la concejal de Olavarr\u00eda, Mar\u00eda Eugenia Dumerauf, durante la sesi\u00f3n ordinaria del Honorable Concejo Deliberante del pasado 23 de abril de 2026.<\/a><\/p>\n\n\n\n<p><\/p>\n\n\n\n<p>El pronunciamiento se da luego de la pol\u00e9mica generada en ese \u00e1mbito legislativo, donde<strong> la edil \u2014integrante de La Libertad Avanza\u2014 acus\u00f3 al rector de la Universidad Nacional del Centro, Marcelo Aba, de haber desviado fondos destinados a la obra de la Facultad de Ciencias de la Salud de Olavarr\u00eda para utilizarlos en la restauraci\u00f3n del edificio del Rectorado en Tandil.<\/strong><\/p>\n\n\n\n<p><\/p>\n\n\n\n<p>Desde el Consejo Acad\u00e9mico se\u00f1alaron que las expresiones \u201cno constituyen una simple diferencia de opiniones\u201d, sino que representan <strong>\u201cun ataque injustificado, carente de sustento y de una gravedad institucional inadmisible\u201d.<\/strong> En ese sentido, afirmaron que las acusaciones contra el rector son infundadas y forman parte de una maniobra de descr\u00e9dito que busca afectar la legitimidad de la universidad.<\/p>\n\n\n\n<p><\/p>\n\n\n\n<p>Asimismo, advirtieron que este tipo de intervenciones se inscriben en un contexto m\u00e1s amplio de <strong>desfinanciamiento de la educaci\u00f3n p\u00fablica y consideraron que desv\u00edan la atenci\u00f3n de problem\u00e1ticas estructurales<\/strong>. Entre ellas, mencionaron la<strong> paralizaci\u00f3n de la obra del edificio de \u201cAulas y Talleres\u201d de la Facultad, cuya reactivaci\u00f3n calificaron como \u201curgente e impostergable\u201d.<\/strong><\/p>\n\n\n\n<p><\/p>\n\n\n\n<p>En el comunicado tambi\u00e9n remarcaron la importancia de contar con infraestructura adecuada para el normal funcionamiento acad\u00e9mico. Indicaron que la<strong> falta de espacios <\/strong>impacta en la organizaci\u00f3n de clases, la disponibilidad de aulas y el desarrollo de pr\u00e1cticas, fundamentales en las carreras de Ciencias de la Salud.<\/p>\n\n\n\n<p><\/p>\n\n\n\n<p>Finalmente, como m\u00e1ximo \u00f3rgano de gobierno de la Facultad, manifestaron que<strong> no permitir\u00e1n la difusi\u00f3n de informaci\u00f3n \u201cdesvinculada de la realidad\u201d y exigieron el correspondiente desagravio, as\u00ed como el respeto hacia la Universidad Nacional del Centro.<\/strong><\/p>\n\n\n\n<p><\/p>\n\n\n\n<figure class=\"wp-block-embed is-type-wp-embed is-provider-central-de-noticias-olavarr-a wp-block-embed-central-de-noticias-olavarr-a\"><div class=\"wp-block-embed__wrapper\">\n<blockquote class=\"wp-embedded-content\" data-secret=\"vU1KhSLyst\"><a href=\"https:\/\/cdnoticias.com\/index.php\/2026\/04\/28\/aba-envio-una-carta-documento-a-la-concejal-dumerauf-quien-lo-acuso-de-desvio-de-fondos-de-unicen\/\">Aba envi\u00f3 una carta documento a la concejal Dumerauf quien lo acus\u00f3 de \u201cdesv\u00edo de fondos\u201d de Unicen<\/a><\/blockquote><iframe loading=\"lazy\" class=\"wp-embedded-content\" sandbox=\"allow-scripts\" security=\"restricted\" style=\"position: absolute; visibility: hidden;\" title=\"&#8220;Aba envi\u00f3 una carta documento a la concejal Dumerauf quien lo acus\u00f3 de \u201cdesv\u00edo de fondos\u201d de Unicen&#8221; &#8212; Central de Noticias | Olavarr\u00eda\" src=\"https:\/\/cdnoticias.com\/index.php\/2026\/04\/28\/aba-envio-una-carta-documento-a-la-concejal-dumerauf-quien-lo-acuso-de-desvio-de-fondos-de-unicen\/embed\/#?secret=iILhZI1tGs#?secret=vU1KhSLyst\" data-secret=\"vU1KhSLyst\" width=\"600\" height=\"338\" frameborder=\"0\" marginwidth=\"0\" marginheight=\"0\" scrolling=\"no\"><\/iframe>\n<\/div><\/figure>\n","protected":false},"excerpt":{"rendered":"<p>El \u00f3rgano de gobierno calific\u00f3 las acusaciones como infundadas y de una \u201cgravedad institucional inadmisible\u201d. Tambi\u00e9n reclam\u00f3 retomar una obra<\/p>\n","protected":false},"author":5,"featured_media":201888,"comment_status":"closed","ping_status":"closed","sticky":false,"template":"","format":"standard","meta":{"_jetpack_memberships_contains_paid_content":false,"footnotes":""},"categories":[5,1],"tags":[],"class_list":["post-201887","post","type-post","status-publish","format-standard","has-post-thumbnail","hentry","category-informacion-general","category-portada"],"jetpack_featured_media_url":"https:\/\/i0.wp.com\/cdnoticias.com\/wp-content\/uploads\/2026\/04\/comunicado-consejo-academico.png?fit=800%2C445&ssl=1","jetpack_sharing_enabled":true,"_links":{"self":[{"href":"https:\/\/cdnoticias.com\/index.php\/wp-json\/wp\/v2\/posts\/201887","targetHints":{"allow":["GET"]}}],"collection":[{"href":"https:\/\/cdnoticias.com\/index.php\/wp-json\/wp\/v2\/posts"}],"about":[{"href":"https:\/\/cdnoticias.com\/index.php\/wp-json\/wp\/v2\/types\/post"}],"author":[{"embeddable":true,"href":"https:\/\/cdnoticias.com\/index.php\/wp-json\/wp\/v2\/users\/5"}],"replies":[{"embeddable":true,"href":"https:\/\/cdnoticias.com\/index.php\/wp-json\/wp\/v2\/comments?post=201887"}],"version-history":[{"count":1,"href":"https:\/\/cdnoticias.com\/index.php\/wp-json\/wp\/v2\/posts\/201887\/revisions"}],"predecessor-version":[{"id":201889,"href":"https:\/\/cdnoticias.com\/index.php\/wp-json\/wp\/v2\/posts\/201887\/revisions\/201889"}],"wp:featuredmedia":[{"embeddable":true,"href":"https:\/\/cdnoticias.com\/index.php\/wp-json\/wp\/v2\/media\/201888"}],"wp:attachment":[{"href":"https:\/\/cdnoticias.com\/index.php\/wp-json\/wp\/v2\/media?parent=201887"}],"wp:term":[{"taxonomy":"category","embeddable":true,"href":"https:\/\/cdnoticias.com\/index.php\/wp-json\/wp\/v2\/categories?post=201887"},{"taxonomy":"post_tag","embeddable":true,"href":"https:\/\/cdnoticias.com\/index.php\/wp-json\/wp\/v2\/tags?post=201887"}],"curies":[{"name":"wp","href":"https:\/\/api.w.org\/{rel}","templated":true}]}}