{"id":201884,"date":"2026-04-30T09:11:27","date_gmt":"2026-04-30T12:11:27","guid":{"rendered":"https:\/\/cdnoticias.com\/?p=201884"},"modified":"2026-04-30T09:11:28","modified_gmt":"2026-04-30T12:11:28","slug":"desde-la-provincia-advierten-por-la-escasez-de-vacunas-cuales-faltan","status":"publish","type":"post","link":"https:\/\/cdnoticias.com\/index.php\/2026\/04\/30\/desde-la-provincia-advierten-por-la-escasez-de-vacunas-cuales-faltan\/","title":{"rendered":"Desde la Provincia advierten por la escasez de vacunas: cu\u00e1les faltan"},"content":{"rendered":"<p>Algunos municipios reportaron faltantes. El ministro de Salud, Nicol\u00e1s Kreplak dijo que la Naci\u00f3n no envi\u00f3 todas las dosis comprometidas. \u201cHubo muchas oportunidades perdidas\u201d lament\u00f3.<\/p>\n\n\n<hr class=\"wp-block-separator has-alpha-channel-opacity\"\/>\n\n\n\n<!--more-->\n\n\n\n<p>La <strong>pelea entre el Gobierno de Axel Kicillof y el de Javier Milei<\/strong> tiene <strong>un nuevo cap\u00edtulo en la entrega de vacunas<\/strong>, algo que viene desde hace semanas. Y en las \u00faltimas horas, el <strong>ministro de Salud bonaerense, Nicol\u00e1s Kreplak<\/strong>, dijo que <strong>Naci\u00f3n s\u00f3lo envi\u00f3 algunas pocas vacunas contra la gripe<\/strong> y que hay otras que directamente escasean.<\/p>\n\n\n\n<p><\/p>\n\n\n\n<blockquote class=\"wp-block-quote is-layout-flow wp-block-quote-is-layout-flow\">\n<p>\u201cDespu\u00e9s de semanas de faltantes, el Gobierno nacional envi\u00f3 una parte de las vacunas antigripales adeudadas. Llegaron dosis, pero no todas: todav\u00eda falta y esto no resuelve el problema de fondo\u201d, manifest\u00f3 Kreplak en una publicaci\u00f3n realizada a trav\u00e9s de su cuenta de X.<\/p>\n<\/blockquote>\n\n\n\n<p><\/p>\n\n\n\n<p>No es la primera vez que la Provincia reclama por este problema. Lo hizo <a href=\"https:\/\/cdnoticias.com\/index.php\/2026\/04\/03\/denuncian-faltantes-de-vacunas-y-demoras-en-la-entrega-por-parte-del-gobierno-nacional\/\" target=\"_blank\" rel=\"noreferrer noopener\">a principios de abril<\/a>, cuando <strong>formaliz\u00f3 un reclamo por las demoras en la provisi\u00f3n de nueve vacunas<\/strong>, algunas del Calendario Nacional de Vacunaci\u00f3n que son obligatorias. <a href=\"https:\/\/cdnoticias.com\/index.php\/2026\/03\/13\/la-provincia-acuso-a-nacion-de-no-entregar-las-vacunas-contra-la-gripe\/\" target=\"_blank\" rel=\"noreferrer noopener\">En marzo, en tanto, con el inicio de la vacunaci\u00f3n antigripal<\/a> ya se hab\u00eda planteado el problema.<\/p>\n\n\n\n<p><\/p>\n\n\n\n<p>Ahora, <strong>Kreplak comparti\u00f3 un cuadro que detalla qu\u00e9 vacunas regularizar\u00e1n su provisi\u00f3n en mayo<\/strong>, cu\u00e1les ser\u00e1n<strong> cubiertas en forma extraordinaria por la Provincia<\/strong> y cu\u00e1les se encuentran <strong>faltantes o sin fecha de regularizaci\u00f3n<\/strong>.<\/p>\n\n\n\n<p><\/p>\n\n\n\n<figure class=\"wp-block-embed is-type-rich is-provider-twitter wp-block-embed-twitter\"><div class=\"wp-block-embed__wrapper\">\n<div class=\"embed-twitter\"><blockquote class=\"twitter-tweet\" data-width=\"550\" data-dnt=\"true\"><p lang=\"es\" dir=\"ltr\">Despu\u00e9s de semanas de faltantes, el Gobierno nacional envi\u00f3 una parte de las vacunas antigripales adeudadas. Llegaron dosis, pero no todas: todav\u00eda falta y esto no resuelve el problema de fondo. <br><br>En este tiempo hubo muchas oportunidades perdidas: personas que fueron a vacunarse\u2026 <a href=\"https:\/\/t.co\/7gzcF83Vxs\">pic.twitter.com\/7gzcF83Vxs<\/a><\/p>&mdash; Nicol\u00e1s Kreplak (@nkreplak) <a href=\"https:\/\/twitter.com\/nkreplak\/status\/2049222197659799607?ref_src=twsrc%5Etfw\">April 28, 2026<\/a><\/blockquote><script async src=\"https:\/\/platform.twitter.com\/widgets.js\" charset=\"utf-8\"><\/script><\/div>\n<\/div><\/figure>\n\n\n\n<p><\/p>\n\n\n\n<h2 class=\"wp-block-heading\">Qu\u00e9 vacunas est\u00e1n en falta<\/h2>\n\n\n\n<p><\/p>\n\n\n\n<blockquote class=\"wp-block-quote is-layout-flow wp-block-quote-is-layout-flow\">\n<p>Las vacunas que faltan en todo el territorio nacional, seg\u00fan el ministro, son la triple viral y la pedi\u00e1trica contra el Covid-19, que no se entrega desde hace un a\u00f1o. Cabe se\u00f1alar que este a\u00f1o se adelant\u00f3 la inmunizaci\u00f3n antigripal, ya que se esperaba que el subclado k de la influenza A (H3 N2) comenzara a circular antes de la llegada del oto\u00f1o.<\/p>\n<\/blockquote>\n\n\n\n<p><\/p>\n\n\n\n<p>La <strong>falta de vacunas antigripales ya es un problema cotidiano<\/strong> en las salas y hospitales de todo el<strong> conurbano<\/strong>. Ya en la \u00faltima semana de abril, <strong>San Mart\u00edn<\/strong> recibi\u00f3 apenas un tercio de las dosis que esperaba, y en <strong>Tigre<\/strong> lleg\u00f3 el 15% de lo que necesitan. En <strong>La Plata<\/strong> tambi\u00e9n hay problemas: mientras que en farmacias s\u00ed hay para particulares, hay pocas para afiliados de PAMI e IOMA.<\/p>\n\n\n\n<p><\/p>\n\n\n\n<figure class=\"wp-block-image size-large\"><img data-recalc-dims=\"1\" loading=\"lazy\" decoding=\"async\" width=\"800\" height=\"445\" src=\"https:\/\/i0.wp.com\/cdnoticias.com\/wp-content\/uploads\/2024\/06\/kreplak-olavarria2.jpg?resize=800%2C445&#038;ssl=1\" alt=\"\" class=\"wp-image-118842\" srcset=\"https:\/\/i0.wp.com\/cdnoticias.com\/wp-content\/uploads\/2024\/06\/kreplak-olavarria2.jpg?resize=1024%2C570&amp;ssl=1 1024w, https:\/\/i0.wp.com\/cdnoticias.com\/wp-content\/uploads\/2024\/06\/kreplak-olavarria2.jpg?resize=300%2C167&amp;ssl=1 300w, https:\/\/i0.wp.com\/cdnoticias.com\/wp-content\/uploads\/2024\/06\/kreplak-olavarria2.jpg?resize=768%2C428&amp;ssl=1 768w, https:\/\/i0.wp.com\/cdnoticias.com\/wp-content\/uploads\/2024\/06\/kreplak-olavarria2.jpg?resize=800%2C445&amp;ssl=1 800w, https:\/\/i0.wp.com\/cdnoticias.com\/wp-content\/uploads\/2024\/06\/kreplak-olavarria2.jpg?w=1072&amp;ssl=1 1072w\" sizes=\"auto, (max-width: 800px) 100vw, 800px\" \/><\/figure>\n\n\n\n<p><\/p>\n\n\n\n<p>La que <strong>no tiene fecha de regularizaci\u00f3n prevista<\/strong>, seg\u00fan la administraci\u00f3n Kicillof, es la <strong>vacuna gamma antivaricela para embarazadas y personas con compromiso inmunol\u00f3gico<\/strong>. Mientras que la de<strong> meningococo se cubrir\u00e1 en mayo con stock provincial<\/strong>.<\/p>\n\n\n\n<p><\/p>\n\n\n\n<blockquote class=\"wp-block-quote is-layout-flow wp-block-quote-is-layout-flow\">\n<p>\u201cEn este tiempo hubo muchas oportunidades perdidas: personas que fueron a vacunarse y no pudieron completar su esquema, o directamente no pudieron vacunarse por la falta de dosis\u201d, lament\u00f3 el ministro.<\/p>\n<\/blockquote>\n\n\n\n<p><\/p>\n\n\n\n<p><strong>\u201cHoy hay algunas pocas vacunas disponibles\u201d <\/strong>debido a la falta de env\u00edo de las dosis comprometidas por parte de la Naci\u00f3n, explic\u00f3 Kreplak, quien inst\u00f3 a la gente a \u201cacercarse a los vacunatorios\u201d para recibir su inmunizaci\u00f3n. <strong>\u201cPero necesitamos que se regularicen los env\u00edos para garantizar el acceso de todos\u201d<\/strong>, cerr\u00f3.<\/p>\n\n\n\n<p><\/p>\n\n\n\n<p>Fuente:<em> Agencia DIB<\/em><\/p>\n\n\n\n<p><\/p>\n","protected":false},"excerpt":{"rendered":"<p>Algunos municipios reportaron faltantes. El ministro de Salud, Nicol\u00e1s Kreplak dijo que la Naci\u00f3n no envi\u00f3 todas las dosis comprometidas.<\/p>\n","protected":false},"author":4,"featured_media":201885,"comment_status":"closed","ping_status":"closed","sticky":false,"template":"","format":"standard","meta":{"_jetpack_memberships_contains_paid_content":false,"footnotes":""},"categories":[6,1],"tags":[],"class_list":["post-201884","post","type-post","status-publish","format-standard","has-post-thumbnail","hentry","category-nacionales","category-portada"],"jetpack_featured_media_url":"https:\/\/i0.wp.com\/cdnoticias.com\/wp-content\/uploads\/2026\/04\/vacunas-dosis.jpg?fit=1000%2C668&ssl=1","jetpack_sharing_enabled":true,"_links":{"self":[{"href":"https:\/\/cdnoticias.com\/index.php\/wp-json\/wp\/v2\/posts\/201884","targetHints":{"allow":["GET"]}}],"collection":[{"href":"https:\/\/cdnoticias.com\/index.php\/wp-json\/wp\/v2\/posts"}],"about":[{"href":"https:\/\/cdnoticias.com\/index.php\/wp-json\/wp\/v2\/types\/post"}],"author":[{"embeddable":true,"href":"https:\/\/cdnoticias.com\/index.php\/wp-json\/wp\/v2\/users\/4"}],"replies":[{"embeddable":true,"href":"https:\/\/cdnoticias.com\/index.php\/wp-json\/wp\/v2\/comments?post=201884"}],"version-history":[{"count":1,"href":"https:\/\/cdnoticias.com\/index.php\/wp-json\/wp\/v2\/posts\/201884\/revisions"}],"predecessor-version":[{"id":201993,"href":"https:\/\/cdnoticias.com\/index.php\/wp-json\/wp\/v2\/posts\/201884\/revisions\/201993"}],"wp:featuredmedia":[{"embeddable":true,"href":"https:\/\/cdnoticias.com\/index.php\/wp-json\/wp\/v2\/media\/201885"}],"wp:attachment":[{"href":"https:\/\/cdnoticias.com\/index.php\/wp-json\/wp\/v2\/media?parent=201884"}],"wp:term":[{"taxonomy":"category","embeddable":true,"href":"https:\/\/cdnoticias.com\/index.php\/wp-json\/wp\/v2\/categories?post=201884"},{"taxonomy":"post_tag","embeddable":true,"href":"https:\/\/cdnoticias.com\/index.php\/wp-json\/wp\/v2\/tags?post=201884"}],"curies":[{"name":"wp","href":"https:\/\/api.w.org\/{rel}","templated":true}]}}