{"id":201878,"date":"2026-04-29T09:02:54","date_gmt":"2026-04-29T12:02:54","guid":{"rendered":"https:\/\/cdnoticias.com\/?p=201878"},"modified":"2026-04-29T09:02:56","modified_gmt":"2026-04-29T12:02:56","slug":"comision-especial-del-hcd-el-sindico-de-coopelectric-rechazo-la-citacion-y-fue-invitado-nuevamente","status":"publish","type":"post","link":"https:\/\/cdnoticias.com\/index.php\/2026\/04\/29\/comision-especial-del-hcd-el-sindico-de-coopelectric-rechazo-la-citacion-y-fue-invitado-nuevamente\/","title":{"rendered":"Comisi\u00f3n especial del HCD: el s\u00edndico de Coopelectric rechaz\u00f3 la citaci\u00f3n y fue invitado nuevamente"},"content":{"rendered":"<p>Jorge Cataldi no se present\u00f3 el 24 de abril al considerar que los temas analizados por los concejales no se corresponden con la \u201cincumbencia de la Sindicatura\u201d.<\/p>\n\n\n<hr class=\"wp-block-separator has-alpha-channel-opacity\"\/>\n\n\n\n<!--more-->\n\n\n\n<p>La <strong>Comisi\u00f3n Especial sobre Concesi\u00f3n del Servicio de Energ\u00eda El\u00e9ctrica del HCD<\/strong> cit\u00f3 para el pr\u00f3ximo <strong>8 de mayo a las 9 de la ma\u00f1ana<\/strong> a representantes del<strong> Sindicato de Luz y Fuerza Olavarr\u00eda <\/strong>y, posteriormente, a las <strong>9:30, al s\u00edndico titular de Coopelectric, Jorge Ra\u00fal Cataldi<\/strong>, quien viene de<strong> declinar la primera convocatoria.<\/strong><\/p>\n\n\n\n<p><\/p>\n\n\n\n<blockquote class=\"wp-block-quote is-layout-flow wp-block-quote-is-layout-flow\">\n<p>Desde el HCD se inform\u00f3 que el s\u00edndico decidi\u00f3 no concurrir a la convocatoria del pasado 24 de abril, argumentando que \u201cel s\u00edndico es el \u00f3rgano de fiscalizaci\u00f3n privada encargado de supervisar la administraci\u00f3n, asegurar el cumplimiento legal y estatutario de la sociedad cooperativa\u201d y que las respuestas requeridas corresponden al Consejo de Administraci\u00f3n, cuyo presidente ya particip\u00f3 de la comisi\u00f3n. En ese sentido, sostuvo: \u201cpor lo que no siendo incumbencia de la Sindicatura responder a lo pretendido, no corresponde mi concurrencia\u201d.<\/p>\n<\/blockquote>\n\n\n\n<p><\/p>\n\n\n\n<p>Ante esta situaci\u00f3n, la <strong>Secretar\u00eda del HCD reiter\u00f3 formalmente la citaci\u00f3n<\/strong> al s\u00edndico para el pr\u00f3ximo 8 de mayo a las 9:30 horas, en l\u00ednea con lo solicitado por la Comisi\u00f3n Especial.<\/p>\n\n\n\n<p><\/p>\n\n\n\n<figure class=\"wp-block-image size-full\"><img data-recalc-dims=\"1\" loading=\"lazy\" decoding=\"async\" width=\"800\" height=\"445\" src=\"https:\/\/i0.wp.com\/cdnoticias.com\/wp-content\/uploads\/2025\/12\/coopelectric-01-conferencia.jpg?resize=800%2C445&#038;ssl=1\" alt=\"\" class=\"wp-image-191659\" srcset=\"https:\/\/i0.wp.com\/cdnoticias.com\/wp-content\/uploads\/2025\/12\/coopelectric-01-conferencia.jpg?w=1000&amp;ssl=1 1000w, https:\/\/i0.wp.com\/cdnoticias.com\/wp-content\/uploads\/2025\/12\/coopelectric-01-conferencia.jpg?resize=300%2C167&amp;ssl=1 300w, https:\/\/i0.wp.com\/cdnoticias.com\/wp-content\/uploads\/2025\/12\/coopelectric-01-conferencia.jpg?resize=768%2C427&amp;ssl=1 768w, https:\/\/i0.wp.com\/cdnoticias.com\/wp-content\/uploads\/2025\/12\/coopelectric-01-conferencia.jpg?resize=800%2C445&amp;ssl=1 800w\" sizes=\"auto, (max-width: 800px) 100vw, 800px\" \/><\/figure>\n\n\n\n<p><\/p>\n\n\n\n<p>Desde el cuerpo deliberativo se<strong> fundament\u00f3 la convocatori<\/strong>a se\u00f1alando que la ordenanza que crea la comisi\u00f3n \u2014Decreto N\u00b0 148\/25\u2014 faculta expresamente a <strong>solicitar informaci\u00f3n y convocar a \u201crepresentantes o personas con injerencia directa o indirecta en la tem\u00e1tica\u201d<\/strong>.<\/p>\n\n\n\n<p><\/p>\n\n\n\n<blockquote class=\"wp-block-quote is-layout-flow wp-block-quote-is-layout-flow\">\n<p>En ese marco, se consider\u00f3 que la funci\u00f3n del s\u00edndico no es equivalente a la del Consejo de Administraci\u00f3n y que la citaci\u00f3n se vincula a su participaci\u00f3n en tanto \u201cintegrante del \u00f3rgano de fiscalizaci\u00f3n de la entidad concesionaria de un servicio p\u00fablico esencial, cuya prestaci\u00f3n se encuentra sujeta al control\u201d del HCD.<\/p>\n<\/blockquote>\n\n\n\n<p><\/p>\n\n\n\n<p>En virtud de ello, se\u00f1ala que dado que su funci\u00f3n como s\u00edndico implica el <strong>\u201ccontrol de legalidad y supervisi\u00f3n de la administraci\u00f3n\u201d su intervenci\u00f3n resulta \u201cpertinente y necesaria\u201d<\/strong> para el cumplimiento de los fines de la Comisi\u00f3n.<\/p>\n\n\n\n<p><\/p>\n\n\n\n<p>La Comisi\u00f3n Especial Concesi\u00f3n de Servicio de Energ\u00eda El\u00e9ctrica con el objetivo de <strong>recabar informaci\u00f3n sobre la concesi\u00f3n y la prestaci\u00f3n del servicio de energ\u00eda el\u00e9ctrica<\/strong> en el partido de Olavarr\u00eda y tiene la misi\u00f3n de dictaminar con respecto al estado actual del contrato entre la Municipalidad y Coopelectric. Qued\u00f3 <a href=\"https:\/\/cdnoticias.com\/index.php\/2026\/03\/13\/hcd-se-constituyo-la-comision-especial-para-analizar-la-concesion-del-servicio-electrico\/\" target=\"_blank\" rel=\"noreferrer noopener\">constitu\u00edda el 13 de marzo<\/a> y el <a href=\"https:\/\/cdnoticias.com\/index.php\/2026\/04\/11\/la-comision-especial-del-hcd-recibio-a-coopelectric-en-medio-del-debate-por-la-concesion-electrica\/\" target=\"_blank\" rel=\"noreferrer noopener\">11 de abril estuvieron los directivos de la cooperativa<\/a> quienes respondieron a los concejales.<\/p>\n\n\n\n<p><\/p>\n","protected":false},"excerpt":{"rendered":"<p>Jorge Cataldi no se present\u00f3 el 24 de abril al considerar que los temas analizados por los concejales no se<\/p>\n","protected":false},"author":4,"featured_media":191679,"comment_status":"closed","ping_status":"closed","sticky":false,"template":"","format":"standard","meta":{"_jetpack_memberships_contains_paid_content":false,"footnotes":""},"categories":[4,1],"tags":[],"class_list":["post-201878","post","type-post","status-publish","format-standard","has-post-thumbnail","hentry","category-politica","category-portada"],"jetpack_featured_media_url":"https:\/\/i0.wp.com\/cdnoticias.com\/wp-content\/uploads\/2025\/12\/coopelectric-07-jorge-cataldi.jpg?fit=1000%2C556&ssl=1","jetpack_sharing_enabled":true,"_links":{"self":[{"href":"https:\/\/cdnoticias.com\/index.php\/wp-json\/wp\/v2\/posts\/201878","targetHints":{"allow":["GET"]}}],"collection":[{"href":"https:\/\/cdnoticias.com\/index.php\/wp-json\/wp\/v2\/posts"}],"about":[{"href":"https:\/\/cdnoticias.com\/index.php\/wp-json\/wp\/v2\/types\/post"}],"author":[{"embeddable":true,"href":"https:\/\/cdnoticias.com\/index.php\/wp-json\/wp\/v2\/users\/4"}],"replies":[{"embeddable":true,"href":"https:\/\/cdnoticias.com\/index.php\/wp-json\/wp\/v2\/comments?post=201878"}],"version-history":[{"count":1,"href":"https:\/\/cdnoticias.com\/index.php\/wp-json\/wp\/v2\/posts\/201878\/revisions"}],"predecessor-version":[{"id":201879,"href":"https:\/\/cdnoticias.com\/index.php\/wp-json\/wp\/v2\/posts\/201878\/revisions\/201879"}],"wp:featuredmedia":[{"embeddable":true,"href":"https:\/\/cdnoticias.com\/index.php\/wp-json\/wp\/v2\/media\/191679"}],"wp:attachment":[{"href":"https:\/\/cdnoticias.com\/index.php\/wp-json\/wp\/v2\/media?parent=201878"}],"wp:term":[{"taxonomy":"category","embeddable":true,"href":"https:\/\/cdnoticias.com\/index.php\/wp-json\/wp\/v2\/categories?post=201878"},{"taxonomy":"post_tag","embeddable":true,"href":"https:\/\/cdnoticias.com\/index.php\/wp-json\/wp\/v2\/tags?post=201878"}],"curies":[{"name":"wp","href":"https:\/\/api.w.org\/{rel}","templated":true}]}}