{"id":201857,"date":"2026-04-29T09:20:00","date_gmt":"2026-04-29T12:20:00","guid":{"rendered":"https:\/\/cdnoticias.com\/?p=201857"},"modified":"2026-04-29T09:20:04","modified_gmt":"2026-04-29T12:20:04","slug":"este-miercoles-barrio-por-barrio-con-talleres-en-escuelas-y-jardines-de-infantes","status":"publish","type":"post","link":"https:\/\/cdnoticias.com\/index.php\/2026\/04\/29\/este-miercoles-barrio-por-barrio-con-talleres-en-escuelas-y-jardines-de-infantes\/","title":{"rendered":"Este mi\u00e9rcoles, Barrio por Barrio con talleres en escuelas y jardines de infantes"},"content":{"rendered":"\n<p>En esta ocasi\u00f3n el punto de encuentro y atenci\u00f3n ser\u00e1 el Centro Deportivo y Recreativo Municipal \u201cDiego Armando Maradona.&nbsp;<\/p>\n\n\n\n<hr class=\"wp-block-separator aligncenter has-alpha-channel-opacity\"\/>\n\n\n\n<p>Este <strong>mi\u00e9rcoles <\/strong>se llevar\u00e1 a cabo una nueva jornada enmarcada en el <strong>Programa \u201cBarrio por Barrio<\/strong>\u201d, el dispositivo de abordaje integral y territorial que recorre distintos puntos de todo el Partido acercando servicios y la gesti\u00f3n de tr\u00e1mites que son llevados adelante desde la comuna.<\/p>\n\n\n\n<p><\/p>\n\n\n\n<blockquote class=\"wp-block-quote is-layout-flow wp-block-quote-is-layout-flow\">\n<p>En esta ocasi\u00f3n el punto de encuentro y atenci\u00f3n ser\u00e1 el Centro Deportivo y Recreativo Municipal \u201cDiego Armando Maradona\u201d, ubicado sobre avenida Hermanos Emiliozzi y calle 130, con acceso por esta \u00faltima, desde las 9 horas.<\/p>\n<\/blockquote>\n\n\n\n<p><\/p>\n\n\n\n<p>De manera paralela <strong>se brindar\u00e1n talleres y capacitaciones en escuelas y jardines, <\/strong>una propuesta que surge de la articulaci\u00f3n con la Jefatura de Educaci\u00f3n.<\/p>\n\n\n\n<p><\/p>\n\n\n\n<p>En ese marco, se brindar\u00e1n diversos contenidos pensados para los distintos niveles educativos. <strong>En el Jard\u00edn de Infantes 922 se llevar\u00e1 a cabo una jornada sobre Educaci\u00f3n Sexual Integral.<\/strong><\/p>\n\n\n\n<p><\/p>\n\n\n\n<p>En la <strong>Escuela Secundaria 21,<\/strong> por su parte, se realizar\u00e1n charlas sobre C<strong>onvivencia Digital, Seguridad Alimenticia y sobre Discapacidad y Accesibilidad. <\/strong>A la par, integrantes del P<strong>olo Educativo y Recreativo Municipal La M\u00e1xima brindar\u00e1n un taller sobre Identidad y Plantas Nativas.\u00a0<\/strong><\/p>\n\n\n\n<p><\/p>\n\n\n\n<blockquote class=\"wp-block-quote is-layout-flow wp-block-quote-is-layout-flow\">\n<p>En la Escuela N\u00b0 76, adem\u00e1s, personal del \u00e1rea de Veterinaria del Municipio encabezar\u00e1 una actividad pensada en la difusi\u00f3n de informaci\u00f3n de inter\u00e9s acerca de la tenencia responsable de animales de compa\u00f1\u00eda.<\/p>\n<\/blockquote>\n\n\n\n<p><\/p>\n\n\n\n<p>Vale destacar que referentes del \u00e1rea de <strong>Defensa Civil recorrer\u00e1n adem\u00e1s el Jard\u00edn Bel\u00e9n y la Escuela Primaria N\u00b0 22 <\/strong>para asesorar a directivos e integrantes de las respectivas comunidades educativas.\u00a0Adem\u00e1s, desde <strong>Callejeadas <\/strong>se recorrer\u00e1n los distintos establecimientos para invitar a sumarse a la propuesta a chicos y chicas de distintas edades.<\/p>\n\n\n\n<p><\/p>\n\n\n\n<p>Por \u00faltimo, vale destacar que desde la <strong>Direcci\u00f3n Municipal de Discapacidad <\/strong>tambi\u00e9n se ofrecer\u00e1n charlas informativas en el <strong>Jard\u00edn Bel\u00e9n, el Jard\u00edn de Infantes 922 y las Escuelas Primarias 59, 22 y 76.<\/strong><\/p>\n\n\n\n<p><\/p>\n","protected":false},"excerpt":{"rendered":"<p>En esta ocasi\u00f3n el punto de encuentro y atenci\u00f3n ser\u00e1 el Centro Deportivo y Recreativo Municipal \u201cDiego Armando Maradona.&nbsp; Este<\/p>\n","protected":false},"author":2,"featured_media":168778,"comment_status":"closed","ping_status":"closed","sticky":false,"template":"","format":"standard","meta":{"_jetpack_memberships_contains_paid_content":false,"footnotes":""},"categories":[5,1],"tags":[],"class_list":["post-201857","post","type-post","status-publish","format-standard","has-post-thumbnail","hentry","category-informacion-general","category-portada"],"jetpack_featured_media_url":"https:\/\/i0.wp.com\/cdnoticias.com\/wp-content\/uploads\/2025\/04\/mural-maradona-matadero4.jpg?fit=900%2C598&ssl=1","jetpack_sharing_enabled":true,"_links":{"self":[{"href":"https:\/\/cdnoticias.com\/index.php\/wp-json\/wp\/v2\/posts\/201857","targetHints":{"allow":["GET"]}}],"collection":[{"href":"https:\/\/cdnoticias.com\/index.php\/wp-json\/wp\/v2\/posts"}],"about":[{"href":"https:\/\/cdnoticias.com\/index.php\/wp-json\/wp\/v2\/types\/post"}],"author":[{"embeddable":true,"href":"https:\/\/cdnoticias.com\/index.php\/wp-json\/wp\/v2\/users\/2"}],"replies":[{"embeddable":true,"href":"https:\/\/cdnoticias.com\/index.php\/wp-json\/wp\/v2\/comments?post=201857"}],"version-history":[{"count":1,"href":"https:\/\/cdnoticias.com\/index.php\/wp-json\/wp\/v2\/posts\/201857\/revisions"}],"predecessor-version":[{"id":201858,"href":"https:\/\/cdnoticias.com\/index.php\/wp-json\/wp\/v2\/posts\/201857\/revisions\/201858"}],"wp:featuredmedia":[{"embeddable":true,"href":"https:\/\/cdnoticias.com\/index.php\/wp-json\/wp\/v2\/media\/168778"}],"wp:attachment":[{"href":"https:\/\/cdnoticias.com\/index.php\/wp-json\/wp\/v2\/media?parent=201857"}],"wp:term":[{"taxonomy":"category","embeddable":true,"href":"https:\/\/cdnoticias.com\/index.php\/wp-json\/wp\/v2\/categories?post=201857"},{"taxonomy":"post_tag","embeddable":true,"href":"https:\/\/cdnoticias.com\/index.php\/wp-json\/wp\/v2\/tags?post=201857"}],"curies":[{"name":"wp","href":"https:\/\/api.w.org\/{rel}","templated":true}]}}