{"id":20184,"date":"2021-04-29T14:22:51","date_gmt":"2021-04-29T17:22:51","guid":{"rendered":"http:\/\/www.centraldenoticias.com.ar\/?p=20184"},"modified":"2021-05-01T10:24:32","modified_gmt":"2021-05-01T13:24:32","slug":"atencion-a-los-turnos-el-hospital-de-oncologia-recibio-1600-segundas-dosis-de-sinopharm","status":"publish","type":"post","link":"https:\/\/cdnoticias.com\/index.php\/2021\/04\/29\/atencion-a-los-turnos-el-hospital-de-oncologia-recibio-1600-segundas-dosis-de-sinopharm\/","title":{"rendered":"Atenci\u00f3n a los turnos: el Hospital de Oncolog\u00eda recibi\u00f3 1600 segundas dosis de Sinopharm"},"content":{"rendered":"<p>Desde la Regi\u00f3n Sanitaria IX se insisti\u00f3 en que los vecinos recibir\u00e1n nuevos turnos para las aplicaciones.<!--more--><\/p>\n<hr \/>\n<p><strong>Este jueves el Hospital de Oncolog\u00eda recibi\u00f3 1600 segundas dosis de las vacunas Sinopharm contra el Covid<\/strong>.<\/p>\n<p>&nbsp;<\/p>\n<p>Se trata del <strong>segundo componente que se aplicar\u00e1n para completar el esquema<\/strong>, tal como se indic\u00f3 desde la Regi\u00f3n Sanitaria IX. <strong>Est\u00e1n destinadas a mayores de 60, personal docente y personal sanitario<\/strong>.<\/p>\n<p>&nbsp;<\/p>\n<p><img data-recalc-dims=\"1\" loading=\"lazy\" decoding=\"async\" class=\"aligncenter wp-image-5824 size-large\" src=\"https:\/\/i0.wp.com\/cdnoticias.com\/wp-content\/uploads\/2020\/11\/Ramiro-Borzi-1024x683.jpg?resize=800%2C534&#038;ssl=1\" alt=\"\" width=\"800\" height=\"534\" srcset=\"https:\/\/i0.wp.com\/cdnoticias.com\/wp-content\/uploads\/2020\/11\/Ramiro-Borzi.jpg?resize=1024%2C683&amp;ssl=1 1024w, https:\/\/i0.wp.com\/cdnoticias.com\/wp-content\/uploads\/2020\/11\/Ramiro-Borzi.jpg?resize=300%2C200&amp;ssl=1 300w, https:\/\/i0.wp.com\/cdnoticias.com\/wp-content\/uploads\/2020\/11\/Ramiro-Borzi.jpg?resize=768%2C512&amp;ssl=1 768w, https:\/\/i0.wp.com\/cdnoticias.com\/wp-content\/uploads\/2020\/11\/Ramiro-Borzi.jpg?resize=272%2C182&amp;ssl=1 272w, https:\/\/i0.wp.com\/cdnoticias.com\/wp-content\/uploads\/2020\/11\/Ramiro-Borzi.jpg?w=1600&amp;ssl=1 1600w, https:\/\/i0.wp.com\/cdnoticias.com\/wp-content\/uploads\/2020\/11\/Ramiro-Borzi.jpg?w=2400&amp;ssl=1 2400w\" sizes=\"auto, (max-width: 800px) 100vw, 800px\" \/><\/p>\n<p>&nbsp;<\/p>\n<blockquote><p>El director de la Regi\u00f3n IX, Ramiro Borzi, habl\u00f3 con Central de Noticias sobre el tema y enfatiz\u00f3 que los destinatarios \u201cvan a ser convocados por turnos, tal como se hizo con la primera dosis\u201d.<\/p><\/blockquote>\n<p>&nbsp;<\/p>\n<p>En ese sentido, se explic\u00f3 que <em>el cart\u00f3n que reciben quienes se aplican la primera dosis con la fecha para la segundo \u201cno es turno\u201d<\/em>, sino que <strong>\u201ces la fecha donde pueden empezar a aplicarse las segundas dosis. El turno llegar\u00e1 por mail o por la forma de contacto que hayan dejado\u201d<\/strong> aclar\u00f3 Borzi.<\/p>\n","protected":false},"excerpt":{"rendered":"<p>Desde la Regi\u00f3n Sanitaria IX se insisti\u00f3 en que los vecinos recibir\u00e1n nuevos turnos para las aplicaciones.<\/p>\n","protected":false},"author":4,"featured_media":18462,"comment_status":"closed","ping_status":"closed","sticky":false,"template":"","format":"standard","meta":{"_jetpack_memberships_contains_paid_content":false,"footnotes":""},"categories":[5,1],"tags":[],"class_list":["post-20184","post","type-post","status-publish","format-standard","has-post-thumbnail","hentry","category-informacion-general","category-portada"],"jetpack_featured_media_url":"https:\/\/i0.wp.com\/cdnoticias.com\/wp-content\/uploads\/2021\/04\/WhatsApp-Image-2021-04-09-at-20.49.57.jpeg?fit=960%2C636&ssl=1","jetpack_sharing_enabled":true,"_links":{"self":[{"href":"https:\/\/cdnoticias.com\/index.php\/wp-json\/wp\/v2\/posts\/20184","targetHints":{"allow":["GET"]}}],"collection":[{"href":"https:\/\/cdnoticias.com\/index.php\/wp-json\/wp\/v2\/posts"}],"about":[{"href":"https:\/\/cdnoticias.com\/index.php\/wp-json\/wp\/v2\/types\/post"}],"author":[{"embeddable":true,"href":"https:\/\/cdnoticias.com\/index.php\/wp-json\/wp\/v2\/users\/4"}],"replies":[{"embeddable":true,"href":"https:\/\/cdnoticias.com\/index.php\/wp-json\/wp\/v2\/comments?post=20184"}],"version-history":[{"count":0,"href":"https:\/\/cdnoticias.com\/index.php\/wp-json\/wp\/v2\/posts\/20184\/revisions"}],"wp:featuredmedia":[{"embeddable":true,"href":"https:\/\/cdnoticias.com\/index.php\/wp-json\/wp\/v2\/media\/18462"}],"wp:attachment":[{"href":"https:\/\/cdnoticias.com\/index.php\/wp-json\/wp\/v2\/media?parent=20184"}],"wp:term":[{"taxonomy":"category","embeddable":true,"href":"https:\/\/cdnoticias.com\/index.php\/wp-json\/wp\/v2\/categories?post=20184"},{"taxonomy":"post_tag","embeddable":true,"href":"https:\/\/cdnoticias.com\/index.php\/wp-json\/wp\/v2\/tags?post=20184"}],"curies":[{"name":"wp","href":"https:\/\/api.w.org\/{rel}","templated":true}]}}