{"id":201809,"date":"2026-04-28T19:31:13","date_gmt":"2026-04-28T22:31:13","guid":{"rendered":"https:\/\/cdnoticias.com\/?p=201809"},"modified":"2026-04-28T19:31:15","modified_gmt":"2026-04-28T22:31:15","slug":"avanzan-las-obras-en-instituciones-para-personas-con-discapacidad-cinco-ya-fueron-finalizadas","status":"publish","type":"post","link":"https:\/\/cdnoticias.com\/index.php\/2026\/04\/28\/avanzan-las-obras-en-instituciones-para-personas-con-discapacidad-cinco-ya-fueron-finalizadas\/","title":{"rendered":"Avanzan las obras en instituciones para personas con discapacidad: cinco ya fueron finalizadas"},"content":{"rendered":"\n<p>El plan impulsado por el Municipio mejora la infraestructura y las condiciones de accesibilidad en espacios educativos de la ciudad.<\/p>\n\n\n\n<hr class=\"wp-block-separator aligncenter has-alpha-channel-opacity\"\/>\n\n\n\n<p>A fines de agosto del a\u00f1o pasado,<strong> el intendente Maximiliano Wesner present\u00f3 un plan de obras destinado a instituciones educativas de gesti\u00f3n privada que trabajan con personas con discapacidad. A varios meses de aquel anuncio, cinco de esos proyectos ya fueron finalizados<\/strong>, consolidando mejoras concretas en infraestructura, accesibilidad y condiciones de ense\u00f1anza.<\/p>\n\n\n\n<figure class=\"wp-block-image size-large\"><img data-recalc-dims=\"1\" loading=\"lazy\" decoding=\"async\" width=\"800\" height=\"532\" src=\"https:\/\/i0.wp.com\/cdnoticias.com\/wp-content\/uploads\/2026\/04\/IMG_5937.jpeg?resize=800%2C532&#038;ssl=1\" alt=\"\" class=\"wp-image-201816\" srcset=\"https:\/\/i0.wp.com\/cdnoticias.com\/wp-content\/uploads\/2026\/04\/IMG_5937.jpeg?resize=1024%2C681&amp;ssl=1 1024w, https:\/\/i0.wp.com\/cdnoticias.com\/wp-content\/uploads\/2026\/04\/IMG_5937.jpeg?resize=300%2C200&amp;ssl=1 300w, https:\/\/i0.wp.com\/cdnoticias.com\/wp-content\/uploads\/2026\/04\/IMG_5937.jpeg?resize=768%2C511&amp;ssl=1 768w, https:\/\/i0.wp.com\/cdnoticias.com\/wp-content\/uploads\/2026\/04\/IMG_5937.jpeg?resize=272%2C182&amp;ssl=1 272w, https:\/\/i0.wp.com\/cdnoticias.com\/wp-content\/uploads\/2026\/04\/IMG_5937.jpeg?w=1400&amp;ssl=1 1400w\" sizes=\"auto, (max-width: 800px) 100vw, 800px\" \/><\/figure>\n\n\n\n<figure class=\"wp-block-image size-large\"><img data-recalc-dims=\"1\" loading=\"lazy\" decoding=\"async\" width=\"800\" height=\"533\" src=\"https:\/\/i0.wp.com\/cdnoticias.com\/wp-content\/uploads\/2026\/04\/Visita-Centro-Teresa-de-Calcuta-4.jpeg?resize=800%2C533&#038;ssl=1\" alt=\"\" class=\"wp-image-201818\" srcset=\"https:\/\/i0.wp.com\/cdnoticias.com\/wp-content\/uploads\/2026\/04\/Visita-Centro-Teresa-de-Calcuta-4.jpeg?resize=1024%2C682&amp;ssl=1 1024w, https:\/\/i0.wp.com\/cdnoticias.com\/wp-content\/uploads\/2026\/04\/Visita-Centro-Teresa-de-Calcuta-4.jpeg?resize=300%2C200&amp;ssl=1 300w, https:\/\/i0.wp.com\/cdnoticias.com\/wp-content\/uploads\/2026\/04\/Visita-Centro-Teresa-de-Calcuta-4.jpeg?resize=768%2C512&amp;ssl=1 768w, https:\/\/i0.wp.com\/cdnoticias.com\/wp-content\/uploads\/2026\/04\/Visita-Centro-Teresa-de-Calcuta-4.jpeg?resize=1536%2C1023&amp;ssl=1 1536w, https:\/\/i0.wp.com\/cdnoticias.com\/wp-content\/uploads\/2026\/04\/Visita-Centro-Teresa-de-Calcuta-4.jpeg?resize=272%2C182&amp;ssl=1 272w, https:\/\/i0.wp.com\/cdnoticias.com\/wp-content\/uploads\/2026\/04\/Visita-Centro-Teresa-de-Calcuta-4.jpeg?w=1600&amp;ssl=1 1600w\" sizes=\"auto, (max-width: 800px) 100vw, 800px\" \/><\/figure>\n\n\n\n<p><em>\u201cEs una muestra m\u00e1s de nuestro compromiso con la educaci\u00f3n, pero tambi\u00e9n con la igualdad de derechos y oportunidades\u201d,<\/em> expres\u00f3 el jefe comunal, quien en las \u00faltimas semanas recorri\u00f3 distintas instituciones para supervisar los avances.<\/p>\n\n\n\n<p><strong>Las obras ya concluidas impactan directamente en las comunidades educativas<\/strong>, generando mejores condiciones para estudiantes, docentes y trabajadores.<\/p>\n\n\n\n<p class=\"has-medium-font-size\">Intervenciones en distintas instituciones<\/p>\n\n\n\n<figure class=\"wp-block-image size-large\"><img data-recalc-dims=\"1\" loading=\"lazy\" decoding=\"async\" width=\"800\" height=\"450\" src=\"https:\/\/i0.wp.com\/cdnoticias.com\/wp-content\/uploads\/2026\/04\/Plan-Obras-Educacion-PCD-Privada-9-scaled-1.jpeg?resize=800%2C450&#038;ssl=1\" alt=\"\" class=\"wp-image-201813\" srcset=\"https:\/\/i0.wp.com\/cdnoticias.com\/wp-content\/uploads\/2026\/04\/Plan-Obras-Educacion-PCD-Privada-9-scaled-1.jpeg?resize=1024%2C576&amp;ssl=1 1024w, https:\/\/i0.wp.com\/cdnoticias.com\/wp-content\/uploads\/2026\/04\/Plan-Obras-Educacion-PCD-Privada-9-scaled-1.jpeg?resize=300%2C169&amp;ssl=1 300w, https:\/\/i0.wp.com\/cdnoticias.com\/wp-content\/uploads\/2026\/04\/Plan-Obras-Educacion-PCD-Privada-9-scaled-1.jpeg?resize=768%2C432&amp;ssl=1 768w, https:\/\/i0.wp.com\/cdnoticias.com\/wp-content\/uploads\/2026\/04\/Plan-Obras-Educacion-PCD-Privada-9-scaled-1.jpeg?resize=1536%2C864&amp;ssl=1 1536w, https:\/\/i0.wp.com\/cdnoticias.com\/wp-content\/uploads\/2026\/04\/Plan-Obras-Educacion-PCD-Privada-9-scaled-1.jpeg?resize=2048%2C1152&amp;ssl=1 2048w, https:\/\/i0.wp.com\/cdnoticias.com\/wp-content\/uploads\/2026\/04\/Plan-Obras-Educacion-PCD-Privada-9-scaled-1.jpeg?w=1600&amp;ssl=1 1600w, https:\/\/i0.wp.com\/cdnoticias.com\/wp-content\/uploads\/2026\/04\/Plan-Obras-Educacion-PCD-Privada-9-scaled-1.jpeg?w=2400&amp;ssl=1 2400w\" sizes=\"auto, (max-width: 800px) 100vw, 800px\" \/><\/figure>\n\n\n\n<figure class=\"wp-block-image size-large\"><img data-recalc-dims=\"1\" loading=\"lazy\" decoding=\"async\" width=\"800\" height=\"450\" src=\"https:\/\/i0.wp.com\/cdnoticias.com\/wp-content\/uploads\/2026\/04\/Plan-Obras-Educacion-PCD-Privada-1-scaled-1.jpeg?resize=800%2C450&#038;ssl=1\" alt=\"\" class=\"wp-image-201815\" srcset=\"https:\/\/i0.wp.com\/cdnoticias.com\/wp-content\/uploads\/2026\/04\/Plan-Obras-Educacion-PCD-Privada-1-scaled-1.jpeg?resize=1024%2C576&amp;ssl=1 1024w, https:\/\/i0.wp.com\/cdnoticias.com\/wp-content\/uploads\/2026\/04\/Plan-Obras-Educacion-PCD-Privada-1-scaled-1.jpeg?resize=300%2C169&amp;ssl=1 300w, https:\/\/i0.wp.com\/cdnoticias.com\/wp-content\/uploads\/2026\/04\/Plan-Obras-Educacion-PCD-Privada-1-scaled-1.jpeg?resize=768%2C432&amp;ssl=1 768w, https:\/\/i0.wp.com\/cdnoticias.com\/wp-content\/uploads\/2026\/04\/Plan-Obras-Educacion-PCD-Privada-1-scaled-1.jpeg?resize=1536%2C864&amp;ssl=1 1536w, https:\/\/i0.wp.com\/cdnoticias.com\/wp-content\/uploads\/2026\/04\/Plan-Obras-Educacion-PCD-Privada-1-scaled-1.jpeg?resize=2048%2C1152&amp;ssl=1 2048w, https:\/\/i0.wp.com\/cdnoticias.com\/wp-content\/uploads\/2026\/04\/Plan-Obras-Educacion-PCD-Privada-1-scaled-1.jpeg?w=1600&amp;ssl=1 1600w, https:\/\/i0.wp.com\/cdnoticias.com\/wp-content\/uploads\/2026\/04\/Plan-Obras-Educacion-PCD-Privada-1-scaled-1.jpeg?w=2400&amp;ssl=1 2400w\" sizes=\"auto, (max-width: 800px) 100vw, 800px\" \/><\/figure>\n\n\n\n<p>En el <strong>Instituto de Ense\u00f1anza Oral (IDEO), con una inversi\u00f3n superior a los 20 millones de pesos<\/strong>, se realizaron trabajos de puesta en valor del edificio: pintura, impermeabilizaci\u00f3n, recambio de aberturas y mejoras en las instalaciones el\u00e9ctrica y de gas.<\/p>\n\n\n\n<p>En <strong>Casa de Mar\u00eda, ubicada sobre avenida Avellaneda, se concret\u00f3 una ampliaci\u00f3n del edificio, la construcci\u00f3n de una galer\u00eda para resguardar el veh\u00edculo de traslado de estudiantes y tareas de mejora en infraestructura sanitaria y edilicia.<\/strong><\/p>\n\n\n\n<p>En el <strong>Centro Madre Teresa de Calcuta, en Loma Negra, se construyeron ba\u00f1os adaptados para personas con movilidad reducida<\/strong>, adem\u00e1s de trabajos de reparaci\u00f3n general, cambio de tanque de agua, mejoras el\u00e9ctricas y pintura.<\/p>\n\n\n\n<figure class=\"wp-block-image size-large\"><img data-recalc-dims=\"1\" loading=\"lazy\" decoding=\"async\" width=\"800\" height=\"450\" src=\"https:\/\/i0.wp.com\/cdnoticias.com\/wp-content\/uploads\/2026\/04\/Plan-Obras-Educacion-PCD-Privada-10-scaled-1.jpeg?resize=800%2C450&#038;ssl=1\" alt=\"\" class=\"wp-image-201814\" srcset=\"https:\/\/i0.wp.com\/cdnoticias.com\/wp-content\/uploads\/2026\/04\/Plan-Obras-Educacion-PCD-Privada-10-scaled-1.jpeg?resize=1024%2C576&amp;ssl=1 1024w, https:\/\/i0.wp.com\/cdnoticias.com\/wp-content\/uploads\/2026\/04\/Plan-Obras-Educacion-PCD-Privada-10-scaled-1.jpeg?resize=300%2C169&amp;ssl=1 300w, https:\/\/i0.wp.com\/cdnoticias.com\/wp-content\/uploads\/2026\/04\/Plan-Obras-Educacion-PCD-Privada-10-scaled-1.jpeg?resize=768%2C432&amp;ssl=1 768w, https:\/\/i0.wp.com\/cdnoticias.com\/wp-content\/uploads\/2026\/04\/Plan-Obras-Educacion-PCD-Privada-10-scaled-1.jpeg?resize=1536%2C864&amp;ssl=1 1536w, https:\/\/i0.wp.com\/cdnoticias.com\/wp-content\/uploads\/2026\/04\/Plan-Obras-Educacion-PCD-Privada-10-scaled-1.jpeg?resize=2048%2C1152&amp;ssl=1 2048w, https:\/\/i0.wp.com\/cdnoticias.com\/wp-content\/uploads\/2026\/04\/Plan-Obras-Educacion-PCD-Privada-10-scaled-1.jpeg?w=1600&amp;ssl=1 1600w, https:\/\/i0.wp.com\/cdnoticias.com\/wp-content\/uploads\/2026\/04\/Plan-Obras-Educacion-PCD-Privada-10-scaled-1.jpeg?w=2400&amp;ssl=1 2400w\" sizes=\"auto, (max-width: 800px) 100vw, 800px\" \/><\/figure>\n\n\n\n<p>Por su parte, en <strong>Casa de Helen se llev\u00f3 adelante una de las intervenciones m\u00e1s destacadas con la construcci\u00f3n de un play\u00f3n deportivo de hormig\u00f3n armado,<\/strong> acompa\u00f1ado por obras de veredas, accesos y tareas de pintura.<\/p>\n\n\n\n<p>En tanto, en la instituci\u00f3n <strong>Helen Keller se realizaron trabajos de impermeabilizaci\u00f3n en el Sal\u00f3n de Usos M\u00faltiples y pintura integral del edificio.<\/strong><\/p>\n\n\n\n<p>Finalmente<strong>, en Corim se intervinieron sus sedes del barrio Los Robles y el microcentro, con obras de accesibilidad, mantenimiento general, plomer\u00eda e instalaci\u00f3n de estructuras en espacios exteriores.<\/strong><\/p>\n\n\n\n<figure class=\"wp-block-image size-large\"><img data-recalc-dims=\"1\" loading=\"lazy\" decoding=\"async\" width=\"800\" height=\"450\" src=\"https:\/\/i0.wp.com\/cdnoticias.com\/wp-content\/uploads\/2026\/04\/Plan-Obras-Educacion-PCD-Privada-8-scaled-1.jpeg?resize=800%2C450&#038;ssl=1\" alt=\"\" class=\"wp-image-201812\" srcset=\"https:\/\/i0.wp.com\/cdnoticias.com\/wp-content\/uploads\/2026\/04\/Plan-Obras-Educacion-PCD-Privada-8-scaled-1.jpeg?resize=1024%2C576&amp;ssl=1 1024w, https:\/\/i0.wp.com\/cdnoticias.com\/wp-content\/uploads\/2026\/04\/Plan-Obras-Educacion-PCD-Privada-8-scaled-1.jpeg?resize=300%2C169&amp;ssl=1 300w, https:\/\/i0.wp.com\/cdnoticias.com\/wp-content\/uploads\/2026\/04\/Plan-Obras-Educacion-PCD-Privada-8-scaled-1.jpeg?resize=768%2C432&amp;ssl=1 768w, https:\/\/i0.wp.com\/cdnoticias.com\/wp-content\/uploads\/2026\/04\/Plan-Obras-Educacion-PCD-Privada-8-scaled-1.jpeg?resize=1536%2C864&amp;ssl=1 1536w, https:\/\/i0.wp.com\/cdnoticias.com\/wp-content\/uploads\/2026\/04\/Plan-Obras-Educacion-PCD-Privada-8-scaled-1.jpeg?resize=2048%2C1152&amp;ssl=1 2048w, https:\/\/i0.wp.com\/cdnoticias.com\/wp-content\/uploads\/2026\/04\/Plan-Obras-Educacion-PCD-Privada-8-scaled-1.jpeg?w=1600&amp;ssl=1 1600w, https:\/\/i0.wp.com\/cdnoticias.com\/wp-content\/uploads\/2026\/04\/Plan-Obras-Educacion-PCD-Privada-8-scaled-1.jpeg?w=2400&amp;ssl=1 2400w\" sizes=\"auto, (max-width: 800px) 100vw, 800px\" \/><\/figure>\n\n\n\n<figure class=\"wp-block-image size-large\"><img data-recalc-dims=\"1\" loading=\"lazy\" decoding=\"async\" width=\"800\" height=\"450\" src=\"https:\/\/i0.wp.com\/cdnoticias.com\/wp-content\/uploads\/2026\/04\/Plan-Obras-Educacion-PCD-Privada-7-scaled-1.jpeg?resize=800%2C450&#038;ssl=1\" alt=\"\" class=\"wp-image-201811\" srcset=\"https:\/\/i0.wp.com\/cdnoticias.com\/wp-content\/uploads\/2026\/04\/Plan-Obras-Educacion-PCD-Privada-7-scaled-1.jpeg?resize=1024%2C576&amp;ssl=1 1024w, https:\/\/i0.wp.com\/cdnoticias.com\/wp-content\/uploads\/2026\/04\/Plan-Obras-Educacion-PCD-Privada-7-scaled-1.jpeg?resize=300%2C169&amp;ssl=1 300w, https:\/\/i0.wp.com\/cdnoticias.com\/wp-content\/uploads\/2026\/04\/Plan-Obras-Educacion-PCD-Privada-7-scaled-1.jpeg?resize=768%2C432&amp;ssl=1 768w, https:\/\/i0.wp.com\/cdnoticias.com\/wp-content\/uploads\/2026\/04\/Plan-Obras-Educacion-PCD-Privada-7-scaled-1.jpeg?resize=1536%2C864&amp;ssl=1 1536w, https:\/\/i0.wp.com\/cdnoticias.com\/wp-content\/uploads\/2026\/04\/Plan-Obras-Educacion-PCD-Privada-7-scaled-1.jpeg?resize=2048%2C1152&amp;ssl=1 2048w, https:\/\/i0.wp.com\/cdnoticias.com\/wp-content\/uploads\/2026\/04\/Plan-Obras-Educacion-PCD-Privada-7-scaled-1.jpeg?w=1600&amp;ssl=1 1600w, https:\/\/i0.wp.com\/cdnoticias.com\/wp-content\/uploads\/2026\/04\/Plan-Obras-Educacion-PCD-Privada-7-scaled-1.jpeg?w=2400&amp;ssl=1 2400w\" sizes=\"auto, (max-width: 800px) 100vw, 800px\" \/><\/figure>\n\n\n\n<p class=\"has-medium-font-size\">Un plan que contin\u00faa<\/p>\n\n\n\n<p><em><strong>\u201cEs igualdad de derechos, de oportunidades. En un contexto lamentablemente adverso para las personas con discapacidad, nosotros seguimos acompa\u00f1ando\u201d<\/strong><\/em>, sostuvo Wesner.<\/p>\n\n\n\n<p>Desde el Municipio adelantaron que <strong>el plan tendr\u00e1 continuidad durante 2026, con nuevos proyectos que ya se encuentran en etapa de preparaci\u00f3n para su licitaci\u00f3n.<\/strong><\/p>\n\n\n\n<p>De esta manera,<strong> la iniciativa busca sostener una pol\u00edtica p\u00fablica orientada a fortalecer la inclusi\u00f3n, mejorando los espacios donde se desarrollan procesos educativos fundamentales para la comunidad.<\/strong><\/p>\n","protected":false},"excerpt":{"rendered":"<p>El plan impulsado por el Municipio mejora la infraestructura y las condiciones de accesibilidad en espacios educativos de la ciudad.<\/p>\n","protected":false},"author":2,"featured_media":201817,"comment_status":"closed","ping_status":"closed","sticky":false,"template":"","format":"standard","meta":{"_jetpack_memberships_contains_paid_content":false,"footnotes":""},"categories":[5,1],"tags":[],"class_list":["post-201809","post","type-post","status-publish","format-standard","has-post-thumbnail","hentry","category-informacion-general","category-portada"],"jetpack_featured_media_url":"https:\/\/i0.wp.com\/cdnoticias.com\/wp-content\/uploads\/2026\/04\/Obras-Corim-4.jpeg?fit=1600%2C1200&ssl=1","jetpack_sharing_enabled":true,"_links":{"self":[{"href":"https:\/\/cdnoticias.com\/index.php\/wp-json\/wp\/v2\/posts\/201809","targetHints":{"allow":["GET"]}}],"collection":[{"href":"https:\/\/cdnoticias.com\/index.php\/wp-json\/wp\/v2\/posts"}],"about":[{"href":"https:\/\/cdnoticias.com\/index.php\/wp-json\/wp\/v2\/types\/post"}],"author":[{"embeddable":true,"href":"https:\/\/cdnoticias.com\/index.php\/wp-json\/wp\/v2\/users\/2"}],"replies":[{"embeddable":true,"href":"https:\/\/cdnoticias.com\/index.php\/wp-json\/wp\/v2\/comments?post=201809"}],"version-history":[{"count":1,"href":"https:\/\/cdnoticias.com\/index.php\/wp-json\/wp\/v2\/posts\/201809\/revisions"}],"predecessor-version":[{"id":201819,"href":"https:\/\/cdnoticias.com\/index.php\/wp-json\/wp\/v2\/posts\/201809\/revisions\/201819"}],"wp:featuredmedia":[{"embeddable":true,"href":"https:\/\/cdnoticias.com\/index.php\/wp-json\/wp\/v2\/media\/201817"}],"wp:attachment":[{"href":"https:\/\/cdnoticias.com\/index.php\/wp-json\/wp\/v2\/media?parent=201809"}],"wp:term":[{"taxonomy":"category","embeddable":true,"href":"https:\/\/cdnoticias.com\/index.php\/wp-json\/wp\/v2\/categories?post=201809"},{"taxonomy":"post_tag","embeddable":true,"href":"https:\/\/cdnoticias.com\/index.php\/wp-json\/wp\/v2\/tags?post=201809"}],"curies":[{"name":"wp","href":"https:\/\/api.w.org\/{rel}","templated":true}]}}