{"id":201805,"date":"2026-04-28T18:43:09","date_gmt":"2026-04-28T21:43:09","guid":{"rendered":"https:\/\/cdnoticias.com\/?p=201805"},"modified":"2026-04-28T18:43:11","modified_gmt":"2026-04-28T21:43:11","slug":"colonia-nievas-celebrara-su-148-aniversario-con-la-tradicional-fiesta-kerb","status":"publish","type":"post","link":"https:\/\/cdnoticias.com\/index.php\/2026\/04\/28\/colonia-nievas-celebrara-su-148-aniversario-con-la-tradicional-fiesta-kerb\/","title":{"rendered":"Colonia Nievas celebrar\u00e1 su 148\u00b0 aniversario con la tradicional Fiesta Kerb"},"content":{"rendered":"\n<p>La jornada ser\u00e1 el domingo 10 de mayo con propuestas culturales, gastron\u00f3micas y musicales que invitan a toda la comunidad a participar.<\/p>\n\n\n\n<hr class=\"wp-block-separator aligncenter has-alpha-channel-opacity\"\/>\n\n\n\n<p>Con el acompa\u00f1amiento del Municipio de Olavarr\u00eda, <strong>instituciones de Colonia Nievas ultiman los detalles para una jornada muy especial: el pr\u00f3ximo domingo 10 de mayo se celebrar\u00e1 el 148\u00ba aniversario de la localidad, en el marco de la tradicional Fiesta Kerb.<\/strong><\/p>\n\n\n\n<p>Las actividades se desarrollar\u00e1n en la <strong>Plaza \u201cJuan Jos\u00e9 Naviliat\u201d y comenzar\u00e1n a las 11 horas con la misa en la Capilla \u201cSan Miguel Arc\u00e1ngel\u201d,<\/strong> seguida de la tradicional procesi\u00f3n. Desde el mediod\u00eda, el predio se transformar\u00e1 en un espacio de encuentro con patio de comidas, feria de artesanos, emprendedores y una variada agenda art\u00edstica.<\/p>\n\n\n\n<p>El evento busca reunir a vecinos, ex vecinos y visitantes, <strong>poniendo en valor la identidad cultural de los alemanes del Volga, con sus tradiciones, danzas y gastronom\u00eda t\u00edpica como ejes centrales de la celebraci\u00f3n.<\/strong><\/p>\n\n\n\n<p>Durante la jornada tambi\u00e9n se llevar\u00e1 a cabo el acto protocolar, con entrega de reconocimientos y desfile, adem\u00e1s de presentaciones art\u00edsticas que acompa\u00f1ar\u00e1n toda la tarde.<\/p>\n\n\n\n<p class=\"has-medium-font-size\">Programa de actividades<\/p>\n\n\n\n<p>11:00 horas: Celebraci\u00f3n de la Santa Misa en la Capilla \u201cSan Miguel Arc\u00e1ngel\u201d y posterior procesi\u00f3n.<\/p>\n\n\n\n<p>13:00 horas: Apertura de patios de comida con gastronom\u00eda t\u00edpica y foodtrucks, feria de artesanos y emprendedores.<\/p>\n\n\n\n<p>14:30 horas: Acto protocolar, entrega de reconocimientos y desfile.<\/p>\n\n\n\n<p>14:45 horas: Danza t\u00edpica a cargo del Ballet \u201cWir Bringen Freunden\u201d.<\/p>\n\n\n\n<p>16:00 horas: Presentaci\u00f3n del grupo musical \u201cLas Chinas\u201d.<\/p>\n\n\n\n<p>17:00 horas: Cierre musical con \u201cMachilo y la Superband\u201d.<\/p>\n\n\n\n<p>La propuesta,<strong> de car\u00e1cter libre y abierta, invita a disfrutar de una jornada que combina historia, tradici\u00f3n y encuentro comunitario en uno de los puntos con mayor identidad cultural del partido de Olavarr\u00eda.<\/strong><\/p>\n","protected":false},"excerpt":{"rendered":"<p>La jornada ser\u00e1 el domingo 10 de mayo con propuestas culturales, gastron\u00f3micas y musicales que invitan a toda la comunidad<\/p>\n","protected":false},"author":2,"featured_media":201807,"comment_status":"closed","ping_status":"closed","sticky":false,"template":"","format":"standard","meta":{"_jetpack_memberships_contains_paid_content":false,"footnotes":""},"categories":[9,1],"tags":[],"class_list":["post-201805","post","type-post","status-publish","format-standard","has-post-thumbnail","hentry","category-cultura","category-portada"],"jetpack_featured_media_url":"https:\/\/i0.wp.com\/cdnoticias.com\/wp-content\/uploads\/2026\/04\/Colonia-Nievas-1024x768-1-e1777412534557.jpeg?fit=1024%2C548&ssl=1","jetpack_sharing_enabled":true,"_links":{"self":[{"href":"https:\/\/cdnoticias.com\/index.php\/wp-json\/wp\/v2\/posts\/201805","targetHints":{"allow":["GET"]}}],"collection":[{"href":"https:\/\/cdnoticias.com\/index.php\/wp-json\/wp\/v2\/posts"}],"about":[{"href":"https:\/\/cdnoticias.com\/index.php\/wp-json\/wp\/v2\/types\/post"}],"author":[{"embeddable":true,"href":"https:\/\/cdnoticias.com\/index.php\/wp-json\/wp\/v2\/users\/2"}],"replies":[{"embeddable":true,"href":"https:\/\/cdnoticias.com\/index.php\/wp-json\/wp\/v2\/comments?post=201805"}],"version-history":[{"count":1,"href":"https:\/\/cdnoticias.com\/index.php\/wp-json\/wp\/v2\/posts\/201805\/revisions"}],"predecessor-version":[{"id":201808,"href":"https:\/\/cdnoticias.com\/index.php\/wp-json\/wp\/v2\/posts\/201805\/revisions\/201808"}],"wp:featuredmedia":[{"embeddable":true,"href":"https:\/\/cdnoticias.com\/index.php\/wp-json\/wp\/v2\/media\/201807"}],"wp:attachment":[{"href":"https:\/\/cdnoticias.com\/index.php\/wp-json\/wp\/v2\/media?parent=201805"}],"wp:term":[{"taxonomy":"category","embeddable":true,"href":"https:\/\/cdnoticias.com\/index.php\/wp-json\/wp\/v2\/categories?post=201805"},{"taxonomy":"post_tag","embeddable":true,"href":"https:\/\/cdnoticias.com\/index.php\/wp-json\/wp\/v2\/tags?post=201805"}],"curies":[{"name":"wp","href":"https:\/\/api.w.org\/{rel}","templated":true}]}}