{"id":201779,"date":"2026-04-28T16:20:17","date_gmt":"2026-04-28T19:20:17","guid":{"rendered":"https:\/\/cdnoticias.com\/?p=201779"},"modified":"2026-04-28T16:20:19","modified_gmt":"2026-04-28T19:20:19","slug":"un-olavarriense-resulto-herido-en-un-violento-vuelco-en-ruta-226","status":"publish","type":"post","link":"https:\/\/cdnoticias.com\/index.php\/2026\/04\/28\/un-olavarriense-resulto-herido-en-un-violento-vuelco-en-ruta-226\/","title":{"rendered":"Un olavarriense result\u00f3 herido en un violento vuelco en ruta 226"},"content":{"rendered":"\n<p>Fue en el kil\u00f3metro 88 de la ruta nacional, luego de perder el control de su camioneta tras morder la banquina. Debi\u00f3 ser trasladado a un centro asistencial en Balcarce.<\/p>\n\n\n\n<hr class=\"wp-block-separator aligncenter has-alpha-channel-opacity\"\/>\n\n\n\n<p>Un <strong>vuelco se registr\u00f3 este martes al mediod\u00eda en el kil\u00f3metro 88 de la Ruta 226, en jurisdicci\u00f3n Balcarce<\/strong> y en direcci\u00f3n al cruce con la Ruta 55, cuando una <strong>camioneta Renault Duster mordi\u00f3 la banquina y termin\u00f3 volcando sobre la cinta asf\u00e1ltica.<\/strong><\/p>\n\n\n\n<p>Seg\u00fan relat\u00f3 Radio Ga Bal de la ciudad bonaerense<strong>, como consecuencia del siniestro un hombre mayor de edad oriundo de Olavarr\u00eda result\u00f3 herido y debi\u00f3 ser trasladado al Hospital Municipal para su atenci\u00f3n.<\/strong><\/p>\n\n\n\n<figure class=\"wp-block-image size-full\"><img data-recalc-dims=\"1\" loading=\"lazy\" decoding=\"async\" width=\"800\" height=\"433\" src=\"https:\/\/i0.wp.com\/cdnoticias.com\/wp-content\/uploads\/2026\/04\/vuelco-226.jpg?resize=800%2C433&#038;ssl=1\" alt=\"\" class=\"wp-image-201781\" srcset=\"https:\/\/i0.wp.com\/cdnoticias.com\/wp-content\/uploads\/2026\/04\/vuelco-226.jpg?w=975&amp;ssl=1 975w, https:\/\/i0.wp.com\/cdnoticias.com\/wp-content\/uploads\/2026\/04\/vuelco-226.jpg?resize=300%2C162&amp;ssl=1 300w, https:\/\/i0.wp.com\/cdnoticias.com\/wp-content\/uploads\/2026\/04\/vuelco-226.jpg?resize=768%2C416&amp;ssl=1 768w\" sizes=\"auto, (max-width: 800px) 100vw, 800px\" \/><\/figure>\n\n\n\n<p>En el lugar trabajaron dos dotaciones de Bomberos Voluntarios, personal del SAME y efectivos de la Polic\u00eda de Seguridad Vial, quienes asistieron al conductor y realizaron tareas de prevenci\u00f3n en la zona.<\/p>\n\n\n\n<p><\/p>\n","protected":false},"excerpt":{"rendered":"<p>Fue en el kil\u00f3metro 88 de la ruta nacional, luego de perder el control de su camioneta tras morder la<\/p>\n","protected":false},"author":2,"featured_media":201780,"comment_status":"closed","ping_status":"closed","sticky":false,"template":"","format":"standard","meta":{"_jetpack_memberships_contains_paid_content":false,"footnotes":""},"categories":[7,14],"tags":[],"class_list":["post-201779","post","type-post","status-publish","format-standard","has-post-thumbnail","hentry","category-central","category-policiales"],"jetpack_featured_media_url":"https:\/\/i0.wp.com\/cdnoticias.com\/wp-content\/uploads\/2026\/04\/vuelco-2261.jpg?fit=1006%2C493&ssl=1","jetpack_sharing_enabled":true,"_links":{"self":[{"href":"https:\/\/cdnoticias.com\/index.php\/wp-json\/wp\/v2\/posts\/201779","targetHints":{"allow":["GET"]}}],"collection":[{"href":"https:\/\/cdnoticias.com\/index.php\/wp-json\/wp\/v2\/posts"}],"about":[{"href":"https:\/\/cdnoticias.com\/index.php\/wp-json\/wp\/v2\/types\/post"}],"author":[{"embeddable":true,"href":"https:\/\/cdnoticias.com\/index.php\/wp-json\/wp\/v2\/users\/2"}],"replies":[{"embeddable":true,"href":"https:\/\/cdnoticias.com\/index.php\/wp-json\/wp\/v2\/comments?post=201779"}],"version-history":[{"count":0,"href":"https:\/\/cdnoticias.com\/index.php\/wp-json\/wp\/v2\/posts\/201779\/revisions"}],"wp:featuredmedia":[{"embeddable":true,"href":"https:\/\/cdnoticias.com\/index.php\/wp-json\/wp\/v2\/media\/201780"}],"wp:attachment":[{"href":"https:\/\/cdnoticias.com\/index.php\/wp-json\/wp\/v2\/media?parent=201779"}],"wp:term":[{"taxonomy":"category","embeddable":true,"href":"https:\/\/cdnoticias.com\/index.php\/wp-json\/wp\/v2\/categories?post=201779"},{"taxonomy":"post_tag","embeddable":true,"href":"https:\/\/cdnoticias.com\/index.php\/wp-json\/wp\/v2\/tags?post=201779"}],"curies":[{"name":"wp","href":"https:\/\/api.w.org\/{rel}","templated":true}]}}