{"id":201772,"date":"2026-04-28T20:05:16","date_gmt":"2026-04-28T23:05:16","guid":{"rendered":"https:\/\/cdnoticias.com\/?p=201772"},"modified":"2026-04-28T20:05:18","modified_gmt":"2026-04-28T23:05:18","slug":"incineraron-en-olavarria-drogas-ilicitas-secuestradas-en-distintas-causas-penales","status":"publish","type":"post","link":"https:\/\/cdnoticias.com\/index.php\/2026\/04\/28\/incineraron-en-olavarria-drogas-ilicitas-secuestradas-en-distintas-causas-penales\/","title":{"rendered":"Incineraron en Olavarr\u00eda drogas il\u00edcitas secuestradas en distintas causas penales"},"content":{"rendered":"<p>El operativo fue organizado por la Fiscal\u00eda General del Departamento azul. Se realiz\u00f3 bajo estrictas medidas de seguridad y cont\u00f3 con la participaci\u00f3n de fuerzas policiales y autoridades judiciales de la regi\u00f3n.<\/p>\n\n\n<hr class=\"wp-block-separator has-alpha-channel-opacity\"\/>\n\n\n\n<!--more-->\n\n\n\n<p>La<strong> Fiscal\u00eda General del Departamento Judicial Azul<\/strong> inform\u00f3 que <strong>en la ciudad de Olavarr\u00eda<\/strong> se llev\u00f3 a cabo este martes un <strong>procedimiento de incineraci\u00f3n de estupefacientes<\/strong>, en cumplimiento de las disposiciones judiciales vigentes.<\/p>\n\n\n\n<p><\/p>\n\n\n\n<blockquote class=\"wp-block-quote is-layout-flow wp-block-quote-is-layout-flow\">\n<p>Durante el operativo se procedi\u00f3 a la destrucci\u00f3n de distintas sustancias il\u00edcitas, entre ellas coca\u00edna y marihuana, que hab\u00edan sido secuestradas en el marco de diversas causas penales en tr\u00e1mite.<\/p>\n<\/blockquote>\n\n\n\n<p><\/p>\n\n\n\n<p>Del procedimiento participaron<strong> m\u00faltiples dependencias policiales<\/strong>, entre ellas la DDI y la comisar\u00eda Segunda de Olavarr\u00eda, junto a delegaciones de General La Madrid (rural, comunal y vial), Laprida (rural), Hinojo, Loma Negra, adem\u00e1s de fuerzas federales y \u00e1reas de investigaci\u00f3n de il\u00edcitos. Tambi\u00e9n se sumaron efectivos de Bol\u00edvar \u2014comunal, rural y DDI\u2014 y de la localidad de Urdampilleta.<\/p>\n\n\n\n<p><\/p>\n\n\n\n<figure class=\"wp-block-image size-full\"><img data-recalc-dims=\"1\" loading=\"lazy\" decoding=\"async\" width=\"800\" height=\"600\" src=\"https:\/\/i0.wp.com\/cdnoticias.com\/wp-content\/uploads\/2026\/04\/quema-de-drogas-crematorio-olavarria-03.jpg?resize=800%2C600&#038;ssl=1\" alt=\"\" class=\"wp-image-201776\" srcset=\"https:\/\/i0.wp.com\/cdnoticias.com\/wp-content\/uploads\/2026\/04\/quema-de-drogas-crematorio-olavarria-03.jpg?w=1000&amp;ssl=1 1000w, https:\/\/i0.wp.com\/cdnoticias.com\/wp-content\/uploads\/2026\/04\/quema-de-drogas-crematorio-olavarria-03.jpg?resize=300%2C225&amp;ssl=1 300w, https:\/\/i0.wp.com\/cdnoticias.com\/wp-content\/uploads\/2026\/04\/quema-de-drogas-crematorio-olavarria-03.jpg?resize=768%2C576&amp;ssl=1 768w\" sizes=\"auto, (max-width: 800px) 100vw, 800px\" \/><\/figure>\n\n\n\n<p><\/p>\n\n\n\n<p>Asimismo, se incluyeron <strong>sustancias provenientes de la UFI N\u00b0 22 del Departamento Judicial Azul<\/strong>, con asiento en Tandil.<\/p>\n\n\n\n<p><\/p>\n\n\n\n<p>El operativo se desarroll\u00f3 bajo <strong>estrictos protocolos de seguridad y control<\/strong>, y cont\u00f3 con la presencia de <strong>autoridades judiciales<\/strong>, entre ellas el Dr. Juan Ma\u00f1ero, junto a funcionarias de la UFI 19 de Olavarr\u00eda y de la Dra. Florencia Molina, de Tandil.<\/p>\n\n\n\n<p><\/p>\n\n\n\n<blockquote class=\"wp-block-quote is-layout-flow wp-block-quote-is-layout-flow\">\n<p>Desde la Fiscal\u00eda remarcaron que este tipo de acciones se enmarcan en la pol\u00edtica de lucha contra el narcotr\u00e1fico y tienen como objetivo la eliminaci\u00f3n definitiva de las sustancias incautadas, evitando su posible reingreso al circuito ilegal.<\/p>\n<\/blockquote>\n\n\n\n<p><\/p>\n\n\n\n<figure class=\"wp-block-image size-full\"><img data-recalc-dims=\"1\" loading=\"lazy\" decoding=\"async\" width=\"800\" height=\"600\" src=\"https:\/\/i0.wp.com\/cdnoticias.com\/wp-content\/uploads\/2026\/04\/quema-de-drogas-crematorio-olavarria-01.jpg?resize=800%2C600&#038;ssl=1\" alt=\"\" class=\"wp-image-201774\" srcset=\"https:\/\/i0.wp.com\/cdnoticias.com\/wp-content\/uploads\/2026\/04\/quema-de-drogas-crematorio-olavarria-01.jpg?w=1000&amp;ssl=1 1000w, https:\/\/i0.wp.com\/cdnoticias.com\/wp-content\/uploads\/2026\/04\/quema-de-drogas-crematorio-olavarria-01.jpg?resize=300%2C225&amp;ssl=1 300w, https:\/\/i0.wp.com\/cdnoticias.com\/wp-content\/uploads\/2026\/04\/quema-de-drogas-crematorio-olavarria-01.jpg?resize=768%2C576&amp;ssl=1 768w\" sizes=\"auto, (max-width: 800px) 100vw, 800px\" \/><\/figure>\n\n\n\n<p><\/p>\n\n\n\n<figure class=\"wp-block-image size-full\"><img data-recalc-dims=\"1\" loading=\"lazy\" decoding=\"async\" width=\"800\" height=\"600\" src=\"https:\/\/i0.wp.com\/cdnoticias.com\/wp-content\/uploads\/2026\/04\/quema-de-drogas-crematorio-olavarria-01.jpg?resize=800%2C600&#038;ssl=1\" alt=\"\" class=\"wp-image-201774\" srcset=\"https:\/\/i0.wp.com\/cdnoticias.com\/wp-content\/uploads\/2026\/04\/quema-de-drogas-crematorio-olavarria-01.jpg?w=1000&amp;ssl=1 1000w, https:\/\/i0.wp.com\/cdnoticias.com\/wp-content\/uploads\/2026\/04\/quema-de-drogas-crematorio-olavarria-01.jpg?resize=300%2C225&amp;ssl=1 300w, https:\/\/i0.wp.com\/cdnoticias.com\/wp-content\/uploads\/2026\/04\/quema-de-drogas-crematorio-olavarria-01.jpg?resize=768%2C576&amp;ssl=1 768w\" sizes=\"auto, (max-width: 800px) 100vw, 800px\" \/><\/figure>\n","protected":false},"excerpt":{"rendered":"<p>El operativo fue organizado por la Fiscal\u00eda General del Departamento azul. Se realiz\u00f3 bajo estrictas medidas de seguridad y cont\u00f3<\/p>\n","protected":false},"author":4,"featured_media":201775,"comment_status":"closed","ping_status":"closed","sticky":false,"template":"","format":"standard","meta":{"_jetpack_memberships_contains_paid_content":false,"footnotes":""},"categories":[7,14],"tags":[],"class_list":["post-201772","post","type-post","status-publish","format-standard","has-post-thumbnail","hentry","category-central","category-policiales"],"jetpack_featured_media_url":"https:\/\/i0.wp.com\/cdnoticias.com\/wp-content\/uploads\/2026\/04\/quema-de-drogas-crematorio-olavarria-02.jpg?fit=1000%2C750&ssl=1","jetpack_sharing_enabled":true,"_links":{"self":[{"href":"https:\/\/cdnoticias.com\/index.php\/wp-json\/wp\/v2\/posts\/201772","targetHints":{"allow":["GET"]}}],"collection":[{"href":"https:\/\/cdnoticias.com\/index.php\/wp-json\/wp\/v2\/posts"}],"about":[{"href":"https:\/\/cdnoticias.com\/index.php\/wp-json\/wp\/v2\/types\/post"}],"author":[{"embeddable":true,"href":"https:\/\/cdnoticias.com\/index.php\/wp-json\/wp\/v2\/users\/4"}],"replies":[{"embeddable":true,"href":"https:\/\/cdnoticias.com\/index.php\/wp-json\/wp\/v2\/comments?post=201772"}],"version-history":[{"count":1,"href":"https:\/\/cdnoticias.com\/index.php\/wp-json\/wp\/v2\/posts\/201772\/revisions"}],"predecessor-version":[{"id":201824,"href":"https:\/\/cdnoticias.com\/index.php\/wp-json\/wp\/v2\/posts\/201772\/revisions\/201824"}],"wp:featuredmedia":[{"embeddable":true,"href":"https:\/\/cdnoticias.com\/index.php\/wp-json\/wp\/v2\/media\/201775"}],"wp:attachment":[{"href":"https:\/\/cdnoticias.com\/index.php\/wp-json\/wp\/v2\/media?parent=201772"}],"wp:term":[{"taxonomy":"category","embeddable":true,"href":"https:\/\/cdnoticias.com\/index.php\/wp-json\/wp\/v2\/categories?post=201772"},{"taxonomy":"post_tag","embeddable":true,"href":"https:\/\/cdnoticias.com\/index.php\/wp-json\/wp\/v2\/tags?post=201772"}],"curies":[{"name":"wp","href":"https:\/\/api.w.org\/{rel}","templated":true}]}}