{"id":201770,"date":"2026-04-28T17:02:21","date_gmt":"2026-04-28T20:02:21","guid":{"rendered":"https:\/\/cdnoticias.com\/?p=201770"},"modified":"2026-04-28T17:02:23","modified_gmt":"2026-04-28T20:02:23","slug":"semana-de-paro-en-la-unicen-tenemos-el-funcionamiento-totalmente-venido-a-menos","status":"publish","type":"post","link":"https:\/\/cdnoticias.com\/index.php\/2026\/04\/28\/semana-de-paro-en-la-unicen-tenemos-el-funcionamiento-totalmente-venido-a-menos\/","title":{"rendered":"Semana de paro en la Unicen: \u201cTenemos el funcionamiento totalmente venido a menos\u201d"},"content":{"rendered":"<p>Lo dijo el rector Marcelo Aba. Con fuerte reclamo salarial y preocupaci\u00f3n por el financiamiento, la medida de fuerza se extiende hasta el 2 de mayo. Docentes advierten un fuerte deterioro del sistema.<\/p>\n\n\n<hr class=\"wp-block-separator has-alpha-channel-opacity\"\/>\n\n\n\n<!--more-->\n\n\n\n<p>Las <strong>universidades p\u00fablicas de todo el pa\u00eds <\/strong>iniciaron un <strong>paro que se prolongar\u00e1 durante toda la semana<\/strong>, <a href=\"https:\/\/cdnoticias.com\/index.php\/2026\/04\/27\/desde-este-lunes-universidades-con-semana-de-paro-clases-parciales-y-un-futuro-incierto\/?preview_id=201667&amp;preview_nonce=d4e20c0760&amp;preview=true&amp;_thumbnail_id=167672\" target=\"_blank\" rel=\"noreferrer noopener\">hasta el s\u00e1bado 2 de mayo, en el marco de un conflicto <\/a>que combina <strong>reclamos salariales y cuestionamientos al financiamiento del sistema educativo<\/strong>. La medida cuenta con<strong> adhesi\u00f3n de docentes, no docentes y estudiantes<\/strong>, y tiene <strong>impacto en la Universidad Nacional del Centro (Unicen)<\/strong>.<\/p>\n\n\n\n<p><\/p>\n\n\n\n<p>En paralelo, el <strong>Gobierno nacional <\/strong>present\u00f3 <strong>un recurso extraordinario ante la Corte Suprema<\/strong> contra el fallo judicial que lo obliga a <strong>transferir 2,5 billones de pesos a las universidades<\/strong>, al tiempo que avanza con un<strong> nuevo proyecto de financiamiento.<\/strong><\/p>\n\n\n\n<p><\/p>\n\n\n\n<blockquote class=\"wp-block-quote is-layout-flow wp-block-quote-is-layout-flow\">\n<p>Sobre el tema, el rector de la Unicen, Marcelo Aba, se expres\u00f3 en el programa Levantate por Radio Sapiens (FM 102.7). \u201cTenemos el funcionamiento totalmente venido a menos, la ciencia y la tecnolog\u00eda pr\u00e1cticamente detenida a cero, el tema de las obras, las becas. Nada tiene se\u00f1ales de recomposici\u00f3n\u201d describi\u00f3 sobre el escenario.<\/p>\n<\/blockquote>\n\n\n\n<p><\/p>\n\n\n\n<figure class=\"wp-block-image size-large\"><img data-recalc-dims=\"1\" loading=\"lazy\" decoding=\"async\" width=\"800\" height=\"480\" src=\"https:\/\/i0.wp.com\/cdnoticias.com\/wp-content\/uploads\/2022\/08\/marcelo-aba-rector02.jpg?resize=800%2C480&#038;ssl=1\" alt=\"\" class=\"wp-image-62155\" srcset=\"https:\/\/i0.wp.com\/cdnoticias.com\/wp-content\/uploads\/2022\/08\/marcelo-aba-rector02-scaled.jpg?resize=1024%2C614&amp;ssl=1 1024w, https:\/\/i0.wp.com\/cdnoticias.com\/wp-content\/uploads\/2022\/08\/marcelo-aba-rector02-scaled.jpg?resize=300%2C180&amp;ssl=1 300w, https:\/\/i0.wp.com\/cdnoticias.com\/wp-content\/uploads\/2022\/08\/marcelo-aba-rector02-scaled.jpg?resize=768%2C461&amp;ssl=1 768w, https:\/\/i0.wp.com\/cdnoticias.com\/wp-content\/uploads\/2022\/08\/marcelo-aba-rector02-scaled.jpg?resize=1536%2C921&amp;ssl=1 1536w, https:\/\/i0.wp.com\/cdnoticias.com\/wp-content\/uploads\/2022\/08\/marcelo-aba-rector02-scaled.jpg?resize=2048%2C1228&amp;ssl=1 2048w, https:\/\/i0.wp.com\/cdnoticias.com\/wp-content\/uploads\/2022\/08\/marcelo-aba-rector02-scaled.jpg?w=1600&amp;ssl=1 1600w, https:\/\/i0.wp.com\/cdnoticias.com\/wp-content\/uploads\/2022\/08\/marcelo-aba-rector02-scaled.jpg?w=2400&amp;ssl=1 2400w\" sizes=\"auto, (max-width: 800px) 100vw, 800px\" \/><\/figure>\n\n\n\n<p><\/p>\n\n\n\n<p>El titular de la casa de estudios sostuvo adem\u00e1s que la situaci\u00f3n actual combina un fuerte deterioro presupuestario con la falta de perspectivas de mejora se\u00f1ala que<strong> \u201clas p\u00e9rdidas son hist\u00f3ricas. Estamos en los niveles m\u00e1s bajos de financiamiento del sistema universitario en much\u00edsimos a\u00f1os\u201d<\/strong>.<\/p>\n\n\n\n<p><\/p>\n\n\n\n<p>Respecto al fallo judicial que ordena la transferencia de fondos, Aba cuestion\u00f3 la estrategia del Gobierno:<strong> \u201csi se cumple la ley, todo esto se normaliza. Es algo tan elemental como eso\u201d<\/strong>, afirm\u00f3, al tiempo que <strong>consider\u00f3 \u201cin\u00e9dito\u201d el planteo presentado ante la Corte Suprema<\/strong>. La gesti\u00f3n nacional pretende <em>recusar a los jueces del m\u00e1ximo tribunal.<\/em><\/p>\n\n\n\n<p><\/p>\n\n\n\n<p>Sobre el impacto del paro, aclar\u00f3 que<strong> no necesariamente implicar\u00e1 la paralizaci\u00f3n total de actividades<\/strong>, ya que la adhesi\u00f3n depende de cada trabajador: <em>\u201cLa universidad permanece abierta y quienes quieran continuar con sus actividades pueden hacerlo\u201d<\/em>.<\/p>\n\n\n\n<p><\/p>\n\n\n\n<p>El conflicto tambi\u00e9n tendr\u00e1 un correlato en las calles: ya fue <strong>convocada una nueva marcha nacional educativa para el pr\u00f3ximo 12 de mayo<\/strong>, con epicentro en Plaza de Mayo y r\u00e9plicas en distintos puntos del pa\u00eds.<\/p>\n\n\n\n<p><\/p>\n\n\n\n<p>En ese sentido, Marcelo Aba confirm\u00f3 que <strong>la Unicen participar\u00e1 de la movilizaci\u00f3n nacional<\/strong>: <strong>\u201cVamos a estar en la marcha y tambi\u00e9n en cada una de las sedes\u201d<\/strong>, sostuvo, en medio de un conflicto que suma tensi\u00f3n en el sistema universitario argentino.<\/p>\n\n\n\n<p><\/p>\n","protected":false},"excerpt":{"rendered":"<p>Lo dijo el rector Marcelo Aba. Con fuerte reclamo salarial y preocupaci\u00f3n por el financiamiento, la medida de fuerza se<\/p>\n","protected":false},"author":4,"featured_media":175321,"comment_status":"closed","ping_status":"closed","sticky":false,"template":"","format":"standard","meta":{"_jetpack_memberships_contains_paid_content":false,"footnotes":""},"categories":[5,1],"tags":[],"class_list":["post-201770","post","type-post","status-publish","format-standard","has-post-thumbnail","hentry","category-informacion-general","category-portada"],"jetpack_featured_media_url":"https:\/\/i0.wp.com\/cdnoticias.com\/wp-content\/uploads\/2025\/06\/MovilizacionUNICEN12.jpg?fit=1024%2C680&ssl=1","jetpack_sharing_enabled":true,"_links":{"self":[{"href":"https:\/\/cdnoticias.com\/index.php\/wp-json\/wp\/v2\/posts\/201770","targetHints":{"allow":["GET"]}}],"collection":[{"href":"https:\/\/cdnoticias.com\/index.php\/wp-json\/wp\/v2\/posts"}],"about":[{"href":"https:\/\/cdnoticias.com\/index.php\/wp-json\/wp\/v2\/types\/post"}],"author":[{"embeddable":true,"href":"https:\/\/cdnoticias.com\/index.php\/wp-json\/wp\/v2\/users\/4"}],"replies":[{"embeddable":true,"href":"https:\/\/cdnoticias.com\/index.php\/wp-json\/wp\/v2\/comments?post=201770"}],"version-history":[{"count":0,"href":"https:\/\/cdnoticias.com\/index.php\/wp-json\/wp\/v2\/posts\/201770\/revisions"}],"wp:featuredmedia":[{"embeddable":true,"href":"https:\/\/cdnoticias.com\/index.php\/wp-json\/wp\/v2\/media\/175321"}],"wp:attachment":[{"href":"https:\/\/cdnoticias.com\/index.php\/wp-json\/wp\/v2\/media?parent=201770"}],"wp:term":[{"taxonomy":"category","embeddable":true,"href":"https:\/\/cdnoticias.com\/index.php\/wp-json\/wp\/v2\/categories?post=201770"},{"taxonomy":"post_tag","embeddable":true,"href":"https:\/\/cdnoticias.com\/index.php\/wp-json\/wp\/v2\/tags?post=201770"}],"curies":[{"name":"wp","href":"https:\/\/api.w.org\/{rel}","templated":true}]}}