{"id":201751,"date":"2026-04-28T13:17:16","date_gmt":"2026-04-28T16:17:16","guid":{"rendered":"https:\/\/cdnoticias.com\/?p=201751"},"modified":"2026-04-28T14:25:15","modified_gmt":"2026-04-28T17:25:15","slug":"el-gobierno-insiste-con-las-tarifas-de-gas-estudia-cambiar-el-regimen-de-zona-fria","status":"publish","type":"post","link":"https:\/\/cdnoticias.com\/index.php\/2026\/04\/28\/el-gobierno-insiste-con-las-tarifas-de-gas-estudia-cambiar-el-regimen-de-zona-fria\/","title":{"rendered":"El Gobierno insiste con las tarifas de gas: estudia cambiar el r\u00e9gimen de &#8220;Zona Fr\u00eda&#8221;"},"content":{"rendered":"<p>El proyecto busca recuperar un apartado que fue rechazado del Presupuesto 2026. C\u00f3mo impactar\u00eda en la provincia de Buenos Aires y en Olavarr\u00eda.<\/p>\n\n\n<hr class=\"wp-block-separator has-alpha-channel-opacity\"\/>\n\n\n\n<!--more-->\n\n\n\n<p><a href=\"https:\/\/cdnoticias.com\/index.php\/2025\/12\/25\/sin-la-zona-fria-y-proyectos-claves-para-la-motosierra-el-senado-debate-el-presupuesto-2026-de-milei\/\" target=\"_blank\" rel=\"noreferrer noopener\">Ca\u00eddo el cap\u00edtulo XI del Presupuesto 2026 en su debate en el Congreso<\/a> a fin del a\u00f1o pasado, ahora <strong>el Gobierno nacional estudia volver a la carga <\/strong>con este punto para <strong>introducir cambios al r\u00e9gimen de Zona Fr\u00eda<\/strong>, el sistema que<strong> subsidia la tarifa de gas a usuarios que residen en lugares de bajas temperaturas<\/strong> y que impacta en gran parte de la provincia de Buenos Aires.<\/p>\n\n\n\n<p><\/p>\n\n\n\n<p>En concreto, <strong>el cap\u00edtulo XI inclu\u00eda la derogaci\u00f3n de la ampliaci\u00f3n del R\u00e9gimen de Zona Fr\u00eda, la modificaci\u00f3n del r\u00e9gimen original de Zona Fr\u00eda y del Fondo Fiduciario que lo financia<\/strong>, la aprobaci\u00f3n de un esquema de compensaci\u00f3n cruzada para <strong>cerrar un conflicto hist\u00f3rico con las distribuidoras el\u00e9ctricas<\/strong>, la<strong> extensi\u00f3n del r\u00e9gimen promocional <\/strong>para las energ\u00edas renovables por 20 a\u00f1os y la <strong>modificaci\u00f3n del destino de los fondos de la tasa<\/strong> aplicada a importaciones mineras realizadas con beneficios fiscales.<\/p>\n\n\n\n<p><\/p>\n\n\n\n<blockquote class=\"wp-block-quote is-layout-flow wp-block-quote-is-layout-flow\">\n<p>Rechazado en Diputados, ese punto qued\u00f3 en la mira del Gobierno de Javier Milei que, por estas horas, estudia reimpulsarlo. En medio de un contexto de tensi\u00f3n en Oriente Medio que afecta la estabilidad de los precios del petr\u00f3leo y el gas, este beneficio que llega a unos 4 millones de hogares impacta sobre las finanzas p\u00fablicas.<\/p>\n<\/blockquote>\n\n\n\n<p><\/p>\n\n\n\n<figure class=\"wp-block-embed is-type-wp-embed is-provider-central-de-noticias-olavarr-a wp-block-embed-central-de-noticias-olavarr-a\"><div class=\"wp-block-embed__wrapper\">\n<blockquote class=\"wp-embedded-content\" data-secret=\"dN38nbYcrO\"><a href=\"https:\/\/cdnoticias.com\/index.php\/2025\/10\/07\/eliminacion-del-subsidio-por-zona-fria-wesner-llevo-el-reclamo-de-los-vecinos-al-congreso-nacional\/\">Eliminaci\u00f3n del Subsidio por Zona Fr\u00eda: Wesner llev\u00f3 el reclamo de los vecinos al Congreso Nacional<\/a><\/blockquote><iframe loading=\"lazy\" class=\"wp-embedded-content\" sandbox=\"allow-scripts\" security=\"restricted\" style=\"position: absolute; visibility: hidden;\" title=\"&#8220;Eliminaci\u00f3n del Subsidio por Zona Fr\u00eda: Wesner llev\u00f3 el reclamo de los vecinos al Congreso Nacional&#8221; &#8212; Central de Noticias | Olavarr\u00eda\" src=\"https:\/\/cdnoticias.com\/index.php\/2025\/10\/07\/eliminacion-del-subsidio-por-zona-fria-wesner-llevo-el-reclamo-de-los-vecinos-al-congreso-nacional\/embed\/#?secret=f8OHFCJi9k#?secret=dN38nbYcrO\" data-secret=\"dN38nbYcrO\" width=\"600\" height=\"338\" frameborder=\"0\" marginwidth=\"0\" marginheight=\"0\" scrolling=\"no\"><\/iframe>\n<\/div><\/figure>\n\n\n\n<p><\/p>\n\n\n\n<p>El debate que deber\u00e1 dar la administraci\u00f3n libertaria incluye a <strong>varios gobernadores<\/strong>, ya que <strong>el beneficio alcanza a municipios de 15 provincias del pa\u00eds<\/strong>. En lo que respecta al <strong>territorio bonaerense, son 90 los municipios -entre ellos Olavarr\u00eda- que est\u00e1n bajo este r\u00e9gimen<\/strong> que permite descuentos de <strong>entre el 30% y el 50% en los valores del consumo de gas en las tarifas <\/strong>que pagan los usuarios.<\/p>\n\n\n\n<p><\/p>\n\n\n\n<figure class=\"wp-block-image size-large\"><img data-recalc-dims=\"1\" loading=\"lazy\" decoding=\"async\" width=\"800\" height=\"445\" src=\"https:\/\/i0.wp.com\/cdnoticias.com\/wp-content\/uploads\/2024\/07\/clima-frio-invierno.jpg?resize=800%2C445&#038;ssl=1\" alt=\"\" class=\"wp-image-120127\" srcset=\"https:\/\/i0.wp.com\/cdnoticias.com\/wp-content\/uploads\/2024\/07\/clima-frio-invierno-scaled.jpg?resize=1024%2C570&amp;ssl=1 1024w, https:\/\/i0.wp.com\/cdnoticias.com\/wp-content\/uploads\/2024\/07\/clima-frio-invierno-scaled.jpg?resize=300%2C167&amp;ssl=1 300w, https:\/\/i0.wp.com\/cdnoticias.com\/wp-content\/uploads\/2024\/07\/clima-frio-invierno-scaled.jpg?resize=768%2C427&amp;ssl=1 768w, https:\/\/i0.wp.com\/cdnoticias.com\/wp-content\/uploads\/2024\/07\/clima-frio-invierno-scaled.jpg?resize=1536%2C855&amp;ssl=1 1536w, https:\/\/i0.wp.com\/cdnoticias.com\/wp-content\/uploads\/2024\/07\/clima-frio-invierno-scaled.jpg?resize=2048%2C1140&amp;ssl=1 2048w, https:\/\/i0.wp.com\/cdnoticias.com\/wp-content\/uploads\/2024\/07\/clima-frio-invierno-scaled.jpg?resize=800%2C445&amp;ssl=1 800w, https:\/\/i0.wp.com\/cdnoticias.com\/wp-content\/uploads\/2024\/07\/clima-frio-invierno-scaled.jpg?w=1600&amp;ssl=1 1600w, https:\/\/i0.wp.com\/cdnoticias.com\/wp-content\/uploads\/2024\/07\/clima-frio-invierno-scaled.jpg?w=2400&amp;ssl=1 2400w\" sizes=\"auto, (max-width: 800px) 100vw, 800px\" \/><\/figure>\n\n\n\n<p><\/p>\n\n\n\n<h2 class=\"wp-block-heading\">Qu\u00e9 es la Zona Fr\u00eda<\/h2>\n\n\n\n<p><\/p>\n\n\n\n<p>Para entender c\u00f3mo funciona la Zona Fr\u00eda, hay que remontarse al <strong>r\u00e9gimen creado en 2002<\/strong>, que <strong>abarcaba a 850.000 hogares y se autofinanciaba<\/strong> a partir de un recargo sobre el precio del gas en el Punto de Ingreso al Sistema de Transporte (PIST) que pagaban el resto de los usuarios del pa\u00eds.<\/p>\n\n\n\n<p><\/p>\n\n\n\n<p>Sin embargo, <strong>en 2021<\/strong> el entonces gobierno de Alberto Fern\u00e1ndez <strong>ampli\u00f3 el r\u00e9gimen a m\u00e1s de 4 millones de beneficiarios<\/strong>. En los hechos, <strong>la mitad de los usuarios del servicio de gas natural del pa\u00eds pasaron a recibir el subsidio<\/strong>, <a href=\"https:\/\/cdnoticias.com\/index.php\/2021\/08\/03\/se-reglamento-el-regimen-de-zona-fria\/\" target=\"_blank\" rel=\"noreferrer noopener\">entre los que est\u00e1n los municipios de la provincia de Buenos Aires<\/a>.<\/p>\n\n\n\n<p><\/p>\n\n\n\n<figure class=\"wp-block-embed is-type-wp-embed is-provider-central-de-noticias-olavarr-a wp-block-embed-central-de-noticias-olavarr-a\"><div class=\"wp-block-embed__wrapper\">\n<blockquote class=\"wp-embedded-content\" data-secret=\"An0q9QZpAm\"><a href=\"https:\/\/cdnoticias.com\/index.php\/2025\/09\/16\/liliana-schwindt-sobre-el-intento-de-eliminar-la-zona-fria-los-usuarios-de-nuestra-region-vuelven-a-sufrir\/\">Liliana Schwindt, sobre el intento de eliminar la Zona Fr\u00eda: \u201clos usuarios de nuestra regi\u00f3n vuelven a sufrir\u201d<\/a><\/blockquote><iframe loading=\"lazy\" class=\"wp-embedded-content\" sandbox=\"allow-scripts\" security=\"restricted\" style=\"position: absolute; visibility: hidden;\" title=\"&#8220;Liliana Schwindt, sobre el intento de eliminar la Zona Fr\u00eda: \u201clos usuarios de nuestra regi\u00f3n vuelven a sufrir\u201d&#8221; &#8212; Central de Noticias | Olavarr\u00eda\" src=\"https:\/\/cdnoticias.com\/index.php\/2025\/09\/16\/liliana-schwindt-sobre-el-intento-de-eliminar-la-zona-fria-los-usuarios-de-nuestra-region-vuelven-a-sufrir\/embed\/#?secret=KzMW1e4cwP#?secret=An0q9QZpAm\" data-secret=\"An0q9QZpAm\" width=\"600\" height=\"338\" frameborder=\"0\" marginwidth=\"0\" marginheight=\"0\" scrolling=\"no\"><\/iframe>\n<\/div><\/figure>\n\n\n\n<p><\/p>\n\n\n\n<blockquote class=\"wp-block-quote is-layout-flow wp-block-quote-is-layout-flow\">\n<p>Esa ampliaci\u00f3n, que garantiza descuentos de 30% para la mayor\u00eda de los hogares y 50% para jubilados, receptores de AUH, asignaci\u00f3n por embarazo, seguro de desempleo o electrodependientes, llega a m\u00e1s de 1,2 millones de usuarios bonaerenses. Para financiar la incorporaci\u00f3n de hogares se ajust\u00f3 el sobre el porcentaje que se paga sobre precio del gas en el PIST. Esa cifra puede alcanzar hoy el 11,25% y la abonan todos los usuarios del pa\u00eds.<\/p>\n<\/blockquote>\n\n\n\n<p><\/p>\n\n\n\n<p>Si el Gobierno insiste con lo que busc\u00f3 aprobar cuando present\u00f3 el Presupuesto 2026,<strong> se volver\u00eda a un esquema similar al original creado en 2002 mediante la ley 25.565<\/strong>, que incluye a <strong>850.000 hogares de la Patagonia, la Puna y Malarg\u00fce<\/strong>, es decir eliminando las ciudades de la provincia que hab\u00edan quedado comprendidas. Y esa quita impactar\u00eda fuertemente en las tarifas de gas.<\/p>\n\n\n\n<p><\/p>\n\n\n\n<p>Fuente: <em>Agencia DIB<\/em><\/p>\n\n\n\n<p><\/p>\n","protected":false},"excerpt":{"rendered":"<p>El proyecto busca recuperar un apartado que fue rechazado del Presupuesto 2026. C\u00f3mo impactar\u00eda en la provincia de Buenos Aires<\/p>\n","protected":false},"author":4,"featured_media":201752,"comment_status":"closed","ping_status":"closed","sticky":false,"template":"","format":"standard","meta":{"_jetpack_memberships_contains_paid_content":false,"footnotes":""},"categories":[5,1],"tags":[],"class_list":["post-201751","post","type-post","status-publish","format-standard","has-post-thumbnail","hentry","category-informacion-general","category-portada"],"jetpack_featured_media_url":"https:\/\/i0.wp.com\/cdnoticias.com\/wp-content\/uploads\/2026\/04\/frio-viento-invierno.jpg?fit=1000%2C667&ssl=1","jetpack_sharing_enabled":true,"_links":{"self":[{"href":"https:\/\/cdnoticias.com\/index.php\/wp-json\/wp\/v2\/posts\/201751","targetHints":{"allow":["GET"]}}],"collection":[{"href":"https:\/\/cdnoticias.com\/index.php\/wp-json\/wp\/v2\/posts"}],"about":[{"href":"https:\/\/cdnoticias.com\/index.php\/wp-json\/wp\/v2\/types\/post"}],"author":[{"embeddable":true,"href":"https:\/\/cdnoticias.com\/index.php\/wp-json\/wp\/v2\/users\/4"}],"replies":[{"embeddable":true,"href":"https:\/\/cdnoticias.com\/index.php\/wp-json\/wp\/v2\/comments?post=201751"}],"version-history":[{"count":1,"href":"https:\/\/cdnoticias.com\/index.php\/wp-json\/wp\/v2\/posts\/201751\/revisions"}],"predecessor-version":[{"id":201753,"href":"https:\/\/cdnoticias.com\/index.php\/wp-json\/wp\/v2\/posts\/201751\/revisions\/201753"}],"wp:featuredmedia":[{"embeddable":true,"href":"https:\/\/cdnoticias.com\/index.php\/wp-json\/wp\/v2\/media\/201752"}],"wp:attachment":[{"href":"https:\/\/cdnoticias.com\/index.php\/wp-json\/wp\/v2\/media?parent=201751"}],"wp:term":[{"taxonomy":"category","embeddable":true,"href":"https:\/\/cdnoticias.com\/index.php\/wp-json\/wp\/v2\/categories?post=201751"},{"taxonomy":"post_tag","embeddable":true,"href":"https:\/\/cdnoticias.com\/index.php\/wp-json\/wp\/v2\/tags?post=201751"}],"curies":[{"name":"wp","href":"https:\/\/api.w.org\/{rel}","templated":true}]}}