{"id":201745,"date":"2026-04-28T12:19:46","date_gmt":"2026-04-28T15:19:46","guid":{"rendered":"https:\/\/cdnoticias.com\/?p=201745"},"modified":"2026-04-28T13:17:46","modified_gmt":"2026-04-28T16:17:46","slug":"cambios-en-el-precio-de-los-combustibles-en-ypf-a-pesar-del-compromiso-del-congelamiento","status":"publish","type":"post","link":"https:\/\/cdnoticias.com\/index.php\/2026\/04\/28\/cambios-en-el-precio-de-los-combustibles-en-ypf-a-pesar-del-compromiso-del-congelamiento\/","title":{"rendered":"Cambios en el precio de los combustibles en YPF, a pesar del compromiso del congelamiento"},"content":{"rendered":"<p>Este martes tuvieron una peque\u00f1a variaci\u00f3n ascendente las naftas, mientras el gasoil baj\u00f3. El litro de nafta s\u00faper cuesta en Olavarr\u00eda 2.064 pesos.<\/p>\n\n\n<hr class=\"wp-block-separator has-alpha-channel-opacity\"\/>\n\n\n\n<!--more-->\n\n\n\n<p>Los <strong>precios de los combustibles<\/strong> tuvieron <strong>modificaciones en las estaciones de YPF<\/strong>, lo cual result\u00f3 sorpresivo ya que desde <strong>la empresa se hab\u00eda dispuesto un compromiso de congelamiento.<\/strong><\/p>\n\n\n\n<p><\/p>\n\n\n\n<p>En concreto, este martes tuvieron una<strong> peque\u00f1a variaci\u00f3n ascendente los precios de las naftas <\/strong>en los surtidores, mientras que <strong>los del gasoil bajaron<\/strong>.<\/p>\n\n\n\n<p><\/p>\n\n\n\n<blockquote class=\"wp-block-quote is-layout-flow wp-block-quote-is-layout-flow\">\n<p>El litro de nafta S\u00faper cuesta en Olavarr\u00eda 2064 pesos (sal\u00eda 2060 pesos) y la variedad Infinia subi\u00f3 a 2248 pesos (estaba en 2244 pesos). El litro de Diesel 500 qued\u00f3 en 2202 pesos (estaba en 2207) y de Infinia Diesel en 2321 (estaba en 2326).<\/p>\n<\/blockquote>\n\n\n\n<p><\/p>\n\n\n\n<figure class=\"wp-block-image size-full\"><img data-recalc-dims=\"1\" loading=\"lazy\" decoding=\"async\" width=\"800\" height=\"445\" src=\"https:\/\/i0.wp.com\/cdnoticias.com\/wp-content\/uploads\/2026\/04\/YPF-combustibles-estacion-de-servicio-00.jpg?resize=800%2C445&#038;ssl=1\" alt=\"\" class=\"wp-image-201746\" srcset=\"https:\/\/i0.wp.com\/cdnoticias.com\/wp-content\/uploads\/2026\/04\/YPF-combustibles-estacion-de-servicio-00.jpg?w=1000&amp;ssl=1 1000w, https:\/\/i0.wp.com\/cdnoticias.com\/wp-content\/uploads\/2026\/04\/YPF-combustibles-estacion-de-servicio-00.jpg?resize=300%2C167&amp;ssl=1 300w, https:\/\/i0.wp.com\/cdnoticias.com\/wp-content\/uploads\/2026\/04\/YPF-combustibles-estacion-de-servicio-00.jpg?resize=768%2C427&amp;ssl=1 768w, https:\/\/i0.wp.com\/cdnoticias.com\/wp-content\/uploads\/2026\/04\/YPF-combustibles-estacion-de-servicio-00.jpg?resize=800%2C445&amp;ssl=1 800w\" sizes=\"auto, (max-width: 800px) 100vw, 800px\" \/><\/figure>\n\n\n\n<p><\/p>\n\n\n\n<p>A principios de marzo, con el <strong>conflicto entre Estados Unidos e Ir\u00e1n <\/strong>ya declarado, se vieron las consecuencias en<strong> <\/strong><a href=\"https:\/\/cdnoticias.com\/index.php\/2026\/03\/09\/con-mucha-disparidad-aumentaron-los-combustibles-en-olavarria\/\" target=\"_blank\" rel=\"noreferrer noopener\"><strong>sucesivos aumentos del precio de los combustibles<\/strong> en el pa\u00eds<\/a>. Poco despu\u00e9s se registraron <strong>afectaciones en el \u00e1mbito local<\/strong>: <a href=\"https:\/\/cdnoticias.com\/index.php\/2026\/03\/12\/mesa-de-transporte-las-empresas-pidieron-aumento-de-tarifa-con-eje-en-la-suba-de-combustibles\/\" target=\"_blank\" rel=\"noreferrer noopener\">empresarios del transporte p\u00fablico<\/a> pidieron suba tarifaria y<a href=\"https:\/\/cdnoticias.com\/index.php\/2026\/03\/27\/comercios-de-olavarria-ajustan-precios-por-el-impacto-del-aumento-del-combustible\/\" target=\"_blank\" rel=\"noreferrer noopener\"> distintos comercios <\/a>mostraron modificaciones.<\/p>\n\n\n\n<p><\/p>\n\n\n\n<p>En tanto, <strong>a principios de este mes el presidente de YPF, Horacio Mar\u00edn<\/strong>, hab\u00eda anunciado que la compa\u00f1\u00eda <strong>iba a <\/strong><a href=\"https:\/\/cdnoticias.com\/index.php\/2026\/04\/03\/ypf-pondra-un-limite-a-los-aumentos-de-los-combustibles-por-45-dias\/\" target=\"_blank\" rel=\"noreferrer noopener\"><strong>limitar la suba de precio por 45 d\u00edas<\/strong>, sin reaccionar directamente a las variaciones del barril Brent<\/a> en un contexto de incertidumbre por la guerra en Medio Oriente. Pero <strong>esa previsi\u00f3n no se cumpli\u00f3<\/strong> y, este martes, a menos de un mes del pronunciamiento del CEO los precios tuvieron variaciones.<\/p>\n\n\n\n<p><\/p>\n\n\n\n<figure class=\"wp-block-embed is-type-wp-embed is-provider-central-de-noticias-olavarr-a wp-block-embed-central-de-noticias-olavarr-a\"><div class=\"wp-block-embed__wrapper\">\n<blockquote class=\"wp-embedded-content\" data-secret=\"uxTtFPzYjm\"><a href=\"https:\/\/cdnoticias.com\/index.php\/2026\/04\/03\/ypf-pondra-un-limite-a-los-aumentos-de-los-combustibles-por-45-dias\/\">YPF pondr\u00e1 un l\u00edmite a los aumentos de los combustibles por 45 d\u00edas<\/a><\/blockquote><iframe loading=\"lazy\" class=\"wp-embedded-content\" sandbox=\"allow-scripts\" security=\"restricted\" style=\"position: absolute; visibility: hidden;\" title=\"&#8220;YPF pondr\u00e1 un l\u00edmite a los aumentos de los combustibles por 45 d\u00edas&#8221; &#8212; Central de Noticias | Olavarr\u00eda\" src=\"https:\/\/cdnoticias.com\/index.php\/2026\/04\/03\/ypf-pondra-un-limite-a-los-aumentos-de-los-combustibles-por-45-dias\/embed\/#?secret=0Et4mWl1lG#?secret=uxTtFPzYjm\" data-secret=\"uxTtFPzYjm\" width=\"600\" height=\"338\" frameborder=\"0\" marginwidth=\"0\" marginheight=\"0\" scrolling=\"no\"><\/iframe>\n<\/div><\/figure>\n","protected":false},"excerpt":{"rendered":"<p>Este martes tuvieron una peque\u00f1a variaci\u00f3n ascendente las naftas, mientras el gasoil baj\u00f3. El litro de nafta s\u00faper cuesta en<\/p>\n","protected":false},"author":4,"featured_media":201747,"comment_status":"closed","ping_status":"closed","sticky":false,"template":"","format":"standard","meta":{"_jetpack_memberships_contains_paid_content":false,"footnotes":""},"categories":[5,1],"tags":[],"class_list":["post-201745","post","type-post","status-publish","format-standard","has-post-thumbnail","hentry","category-informacion-general","category-portada"],"jetpack_featured_media_url":"https:\/\/i0.wp.com\/cdnoticias.com\/wp-content\/uploads\/2026\/04\/YPF-combustibles-estacion-de-servicio-01.jpg?fit=1000%2C556&ssl=1","jetpack_sharing_enabled":true,"_links":{"self":[{"href":"https:\/\/cdnoticias.com\/index.php\/wp-json\/wp\/v2\/posts\/201745","targetHints":{"allow":["GET"]}}],"collection":[{"href":"https:\/\/cdnoticias.com\/index.php\/wp-json\/wp\/v2\/posts"}],"about":[{"href":"https:\/\/cdnoticias.com\/index.php\/wp-json\/wp\/v2\/types\/post"}],"author":[{"embeddable":true,"href":"https:\/\/cdnoticias.com\/index.php\/wp-json\/wp\/v2\/users\/4"}],"replies":[{"embeddable":true,"href":"https:\/\/cdnoticias.com\/index.php\/wp-json\/wp\/v2\/comments?post=201745"}],"version-history":[{"count":2,"href":"https:\/\/cdnoticias.com\/index.php\/wp-json\/wp\/v2\/posts\/201745\/revisions"}],"predecessor-version":[{"id":201750,"href":"https:\/\/cdnoticias.com\/index.php\/wp-json\/wp\/v2\/posts\/201745\/revisions\/201750"}],"wp:featuredmedia":[{"embeddable":true,"href":"https:\/\/cdnoticias.com\/index.php\/wp-json\/wp\/v2\/media\/201747"}],"wp:attachment":[{"href":"https:\/\/cdnoticias.com\/index.php\/wp-json\/wp\/v2\/media?parent=201745"}],"wp:term":[{"taxonomy":"category","embeddable":true,"href":"https:\/\/cdnoticias.com\/index.php\/wp-json\/wp\/v2\/categories?post=201745"},{"taxonomy":"post_tag","embeddable":true,"href":"https:\/\/cdnoticias.com\/index.php\/wp-json\/wp\/v2\/tags?post=201745"}],"curies":[{"name":"wp","href":"https:\/\/api.w.org\/{rel}","templated":true}]}}