{"id":201741,"date":"2026-04-28T17:01:10","date_gmt":"2026-04-28T20:01:10","guid":{"rendered":"https:\/\/cdnoticias.com\/?p=201741"},"modified":"2026-04-28T17:01:11","modified_gmt":"2026-04-28T20:01:11","slug":"aba-envio-una-carta-documento-a-la-concejal-dumerauf-quien-lo-acuso-de-desvio-de-fondos-de-unicen","status":"publish","type":"post","link":"https:\/\/cdnoticias.com\/index.php\/2026\/04\/28\/aba-envio-una-carta-documento-a-la-concejal-dumerauf-quien-lo-acuso-de-desvio-de-fondos-de-unicen\/","title":{"rendered":"Aba envi\u00f3 una carta documento a la concejal Dumerauf quien lo acus\u00f3 de \u201cdesv\u00edo de fondos\u201d de Unicen"},"content":{"rendered":"<p>\u201cDesde el Departamento Legal de la universidad hemos enviado carta documento\u201d dijo el rector. A\u00f1adi\u00f3 que la concejal de LLA \u201cse har\u00e1 responsable, explicar\u00e1 a qu\u00e9 se refiere\u201d. Adem\u00e1s, subray\u00f3 que los fondos en cuesti\u00f3n nunca llegaron a la Unicen.<\/p>\n\n\n<hr class=\"wp-block-separator has-alpha-channel-opacity\"\/>\n\n\n\n<!--more-->\n\n\n\n<p>El<strong> rector de la Universidad Nacional del Centro (Unicen), Marcelo Aba<\/strong>, inform\u00f3 que <strong>se envi\u00f3 una \u201ccarta documento\u201d a la concejal de Olavarr\u00eda, Eugenia Dumerauf <\/strong>del bloque La Libertad Avanza, quien lo<strong> acus\u00f3 de \u201cdesv\u00edo de fondos\u201d<\/strong>. Habl\u00f3 este martes en el<strong> programa Levantate por Radio Sapiens (FM 102.7)<\/strong> donde rechaz\u00f3 las acusaciones y a\u00f1adi\u00f3 que <strong>los fondos en cuesti\u00f3n nunca llegaron a la universidad<\/strong>.<\/p>\n\n\n\n<p><\/p>\n\n\n\n<p>En la <a href=\"https:\/\/cdnoticias.com\/index.php\/2026\/04\/23\/hcd-denuncian-presunto-desvio-de-fondos-en-la-unicen-por-parte-del-rector-aba\/\" target=\"_blank\" rel=\"noreferrer noopener\">\u00faltima sesi\u00f3n del <strong>Concejo Deliberante<\/strong> de Olavarr\u00eda<\/a> se trataron dos proyectos presentados por distintas bancadas que <strong>expusieron la falta de fondos para la finalizaci\u00f3n de la obra de ampliaci\u00f3n de la Facultad de Ciencias de la Salud<\/strong> de la Unicen en nuestra ciudad. En ese marco, el debate se extendi\u00f3 a <strong>cuestionar la gesti\u00f3n de Javier Milei en materia de obra p\u00fablica y educaci\u00f3n universitaria<\/strong>. La bancada de <strong>La Libertad Avanza rechaz\u00f3 las cr\u00edticas <\/strong>al Presidente y pas\u00f3 a cuestionar al rector de la Unicen, Marcelo Aba.<\/p>\n\n\n\n<p><\/p>\n\n\n\n<p><strong>\u201cSi tanto les preocupa la educaci\u00f3n, av\u00edsenle al rector Marcelo Aba que desvi\u00f3 los fondos <\/strong>que estaban destinados para la obra de la Facultad de Ciencias de la Salud de Olavarr\u00eda y fueron utilizados para la restauraci\u00f3n del edificio del Rectorado en Tandil\u201d expres\u00f3 el jueves 23 de abril Dumerauf.<\/p>\n\n\n\n<p><\/p>\n\n\n\n<blockquote class=\"wp-block-quote is-layout-flow wp-block-quote-is-layout-flow\">\n<p>Aba fue consultado sobre estos dichos. \u201cCreo que habla de un desconocimiento absoluto de la situaci\u00f3n\u201d dijo para considerar que \u201cnada de todo eso puede ser as\u00ed\u201d. Lament\u00f3 que \u201cel debate de ideas lo pretendan resolver ensuciando el buen nombre de la gente\u201d.<\/p>\n<\/blockquote>\n\n\n\n<p><\/p>\n\n\n\n<p>Acerca de las palabras de la concejal libertaria, el rector explic\u00f3 que<strong> \u201chace referencia a dos obras del estado nacional\u201d<\/strong> las cuales son la <strong>ampliaci\u00f3n de la Facultad de Ciencia de la Salud <\/strong>en Olavarr\u00eda y la <strong>mejora de la fachada del Rectorado<\/strong> en Tandil, edificio que pertenece al patrimonio hist\u00f3rico. \u201cLas dos son obras del estado nacional, de manera que de haber habido alg\u00fan desv\u00edo es dentro del propio estado.<strong> La realidad es que no ha enviado fondos a ninguna de las dos, no ha enviado ninguna partida. Se cae de maduro que no puede haber habido ning\u00fan movimiento\u201d<\/strong> agreg\u00f3.<\/p>\n\n\n\n<p><\/p>\n\n\n\n<p><em>\u201cEn la obra de la fachada no se ha colocado un solo tornillo<\/em>, o sea que no ha tenido financiaci\u00f3n ni del estado nacional, ni lamentablemente propio de la universidad, ni de ninguna otra fuente\u201d indic\u00f3.<\/p>\n\n\n\n<p><\/p>\n\n\n\n<blockquote class=\"wp-block-quote is-layout-flow wp-block-quote-is-layout-flow\">\n<p>\u201cLa figura del desv\u00edo de fondos constituye un posible delito y, por lo tanto, desde el Departamento Legal de la Universidad hemos enviado carta de documentos para buscar la ratificaci\u00f3n por rectificaci\u00f3n de los dichos. Por supuesto, de sostenerlos, accionaremos legalmente. De ninguna manera estamos dispuestos a aceptar ese tipo de denuncias, que insisto, no resiste an\u00e1lisis por ning\u00fan lado. Si lo quieren en t\u00e9rminos simples, en principio porque no vinieron los fondos\u201d sostuvo Marcelo Aba.<\/p>\n<\/blockquote>\n\n\n\n<p><\/p>\n\n\n\n<p>M\u00e1s adelante, el rector retom\u00f3 la <strong>problem\u00e1tica de falta de fondos<\/strong> para obras edilicias y la<strong> intenci\u00f3n de Unicen de asumir los costos con fondos propios<\/strong> para la ampliaci\u00f3n de la Facultad de Ciencias de la Salud de Olavarr\u00eda. \u201cHemos tratado de avanzar con alg\u00fan sector de la facultad adelantando los fondos de la universidad, <strong>haciendo el esfuerzo de ocupar el lugar del estado <\/strong>para que los alumnos, los docentes, los no docentes tengan espacios para habitar que no lo tienen hoy. O sea, <em>nosotros nos estamos haciendo cargo de la responsabilidad del Estado y alguien, insisto, desde el desconocimiento, no s\u00e9 desde d\u00f3nde, ante esa falta de cumplimiento por parte del Estado, plantea que esos fondos se desviaron\u201d<\/em>.<\/p>\n\n\n\n<p><\/p>\n\n\n\n<p><strong>\u201cSe har\u00e1 responsable, explicar\u00e1 a qu\u00e9 se refiere<\/strong>, porque adem\u00e1s esto no fue dicho en un caf\u00e9 o en una charla de amigos, sino nada m\u00e1s ni nada menos que en el Concejo Deliberante de la ciudad de Olavarr\u00eda\u201d concluy\u00f3 Marcelo Aba en la entrevista radial quien consider\u00f3 que<strong> \u201creviste la gravedad de que aquel funcionario p\u00fablico que est\u00e9 en conocimiento de la comisi\u00f3n de alg\u00fan hecho irregular tiene la obligaci\u00f3n, no la voluntad, la obligaci\u00f3n de denunciarlo. <\/strong>Esa denuncia no la hemos visto\u201d.<\/p>\n\n\n\n<p><\/p>\n\n\n\n<p>Cabe recordar que tambi\u00e9n el <strong>Consejo Superior de la Unicen <\/strong><a href=\"https:\/\/cdnoticias.com\/index.php\/2026\/04\/24\/el-consejo-superior-de-la-unicen-repudio-declaraciones-de-una-concejal-en-el-hcd-de-olavarria\/\" target=\"_blank\" rel=\"noreferrer noopener\">repudi\u00f3 estas declaraciones de la concejal libertaria Eugenia Dumerauf<\/a>.<\/p>\n\n\n\n<p><\/p>\n\n\n\n<figure class=\"wp-block-embed is-type-wp-embed is-provider-central-de-noticias-olavarr-a wp-block-embed-central-de-noticias-olavarr-a\"><div class=\"wp-block-embed__wrapper\">\n<blockquote class=\"wp-embedded-content\" data-secret=\"vKducZsxsF\"><a href=\"https:\/\/cdnoticias.com\/index.php\/2026\/04\/27\/intimaron-a-guillermo-lascano-a-rectificarse-de-dichos-realizados-en-el-concejo-deliberante\/\">Intimaron a Guillermo Lascano a rectificarse de dichos realizados en el Concejo Deliberante<\/a><\/blockquote><iframe loading=\"lazy\" class=\"wp-embedded-content\" sandbox=\"allow-scripts\" security=\"restricted\" style=\"position: absolute; visibility: hidden;\" title=\"&#8220;Intimaron a Guillermo Lascano a rectificarse de dichos realizados en el Concejo Deliberante&#8221; &#8212; Central de Noticias | Olavarr\u00eda\" src=\"https:\/\/cdnoticias.com\/index.php\/2026\/04\/27\/intimaron-a-guillermo-lascano-a-rectificarse-de-dichos-realizados-en-el-concejo-deliberante\/embed\/#?secret=r9XLoLqPMF#?secret=vKducZsxsF\" data-secret=\"vKducZsxsF\" width=\"600\" height=\"338\" frameborder=\"0\" marginwidth=\"0\" marginheight=\"0\" scrolling=\"no\"><\/iframe>\n<\/div><\/figure>\n","protected":false},"excerpt":{"rendered":"<p>\u201cDesde el Departamento Legal de la universidad hemos enviado carta documento\u201d dijo el rector. A\u00f1adi\u00f3 que la concejal de LLA<\/p>\n","protected":false},"author":4,"featured_media":169266,"comment_status":"closed","ping_status":"closed","sticky":false,"template":"","format":"standard","meta":{"_jetpack_memberships_contains_paid_content":false,"footnotes":""},"categories":[5,7],"tags":[],"class_list":["post-201741","post","type-post","status-publish","format-standard","has-post-thumbnail","hentry","category-informacion-general","category-central"],"jetpack_featured_media_url":"https:\/\/i0.wp.com\/cdnoticias.com\/wp-content\/uploads\/2025\/04\/anuncio-facultad-de-salud-01-marcelo-aba.jpg?fit=1000%2C556&ssl=1","jetpack_sharing_enabled":true,"_links":{"self":[{"href":"https:\/\/cdnoticias.com\/index.php\/wp-json\/wp\/v2\/posts\/201741","targetHints":{"allow":["GET"]}}],"collection":[{"href":"https:\/\/cdnoticias.com\/index.php\/wp-json\/wp\/v2\/posts"}],"about":[{"href":"https:\/\/cdnoticias.com\/index.php\/wp-json\/wp\/v2\/types\/post"}],"author":[{"embeddable":true,"href":"https:\/\/cdnoticias.com\/index.php\/wp-json\/wp\/v2\/users\/4"}],"replies":[{"embeddable":true,"href":"https:\/\/cdnoticias.com\/index.php\/wp-json\/wp\/v2\/comments?post=201741"}],"version-history":[{"count":0,"href":"https:\/\/cdnoticias.com\/index.php\/wp-json\/wp\/v2\/posts\/201741\/revisions"}],"wp:featuredmedia":[{"embeddable":true,"href":"https:\/\/cdnoticias.com\/index.php\/wp-json\/wp\/v2\/media\/169266"}],"wp:attachment":[{"href":"https:\/\/cdnoticias.com\/index.php\/wp-json\/wp\/v2\/media?parent=201741"}],"wp:term":[{"taxonomy":"category","embeddable":true,"href":"https:\/\/cdnoticias.com\/index.php\/wp-json\/wp\/v2\/categories?post=201741"},{"taxonomy":"post_tag","embeddable":true,"href":"https:\/\/cdnoticias.com\/index.php\/wp-json\/wp\/v2\/tags?post=201741"}],"curies":[{"name":"wp","href":"https:\/\/api.w.org\/{rel}","templated":true}]}}