{"id":201725,"date":"2026-04-28T10:20:47","date_gmt":"2026-04-28T13:20:47","guid":{"rendered":"https:\/\/cdnoticias.com\/?p=201725"},"modified":"2026-04-28T12:20:24","modified_gmt":"2026-04-28T15:20:24","slug":"todo-listo-para-el-esperado-show-de-no-te-va-gustar-en-olavarria","status":"publish","type":"post","link":"https:\/\/cdnoticias.com\/index.php\/2026\/04\/28\/todo-listo-para-el-esperado-show-de-no-te-va-gustar-en-olavarria\/","title":{"rendered":"Todo listo para el esperado show de No te va gustar en Olavarr\u00eda"},"content":{"rendered":"\n<p>Queda un remanente de entradas para el recital en el Maxigimnasio del Club Estudiantes. La banda uruguaya vuelve a nuestra ciudad para presentar su nuevo disco Florece en el caos.<\/p>\n\n\n\n<hr class=\"wp-block-separator aligncenter has-alpha-channel-opacity\"\/>\n\n\n\n<p>Con <strong>el armado del escenario y la estructura de tama\u00f1o recital, el Maxigimnasio del Club Estudiantes se vestir\u00e1 de fiesta para el gran show de No te va gustar en Olavarr\u00eda, <\/strong>lo que significar\u00e1 el regreso de la banda uruguaya tras varios a\u00f1os sin visitar Olavarr\u00eda.<\/p>\n\n\n\n<p>Ser\u00e1 para presentar su nuevo disco <em><strong>\u201cFlorece en el caos\u201d <\/strong><\/em>que sumados a los cl\u00e1sicos de la banda tendr\u00e1n, seguramente, un show de larga duraci\u00f3n que ser\u00e1 una verdadera fiesta. <strong>Cada vez que los uruguayos visitaron Olavarrr\u00eda, dejaron una huella imborrable en el p\u00fablico que lo acompa\u00f1a fielmente.<\/strong><\/p>\n\n\n\n<figure class=\"wp-block-embed is-type-video is-provider-youtube wp-block-embed-youtube wp-embed-aspect-16-9 wp-has-aspect-ratio\"><div class=\"wp-block-embed__wrapper\">\n<iframe loading=\"lazy\" title=\"No Te Va Gustar, Andr\u00e9s Ciro Mart\u00ednez - Todo Mal\" width=\"800\" height=\"450\" src=\"https:\/\/www.youtube.com\/embed\/nPNRBOvHTY0?list=PLZv9axzuJvQaqj8KFidGLhLeMtdOnjVZ5\" frameborder=\"0\" allow=\"accelerometer; autoplay; clipboard-write; encrypted-media; gyroscope; picture-in-picture; web-share\" referrerpolicy=\"strict-origin-when-cross-origin\" allowfullscreen><\/iframe>\n<\/div><\/figure>\n\n\n\n<p>Vale decir que <strong>la \u00faltima vez que la banda liderada por Emiliano Brancciari visit\u00f3 nuestra ciudad fue para presentar \u201cOtras canciones\u201d en el Teatro Municipal.<\/strong> En esta ocasi\u00f3n, llegar\u00e1 de la mano de la productora Morella.<\/p>\n\n\n\n<blockquote class=\"wp-block-quote is-layout-flow wp-block-quote-is-layout-flow\">\n<p>Justamente, desde Morella indicaron que las puertas se abrir\u00e1n a las 20:00 horas y el show comenzar\u00e1 a las 21:30.<\/p>\n<\/blockquote>\n\n\n\n<p>A\u00fan queda un peque\u00f1o remanente de entradas para el campo, por lo que aquellos que quieran vivir el show podr\u00e1n acercarse a la Boleter\u00eda que abrir\u00e1 a las 19:00 horas. <a href=\"https:\/\/articket.com.ar\/NO-TE-VA-GUSTAR-OLAVARRIA\/\">Tambi\u00e9n lo podr\u00e1n hacer desde Articket en el siguiente enlace<\/a>. <\/p>\n","protected":false},"excerpt":{"rendered":"<p>Queda un remanente de entradas para el recital en el Maxigimnasio del Club Estudiantes. La banda uruguaya vuelve a nuestra<\/p>\n","protected":false},"author":2,"featured_media":201727,"comment_status":"closed","ping_status":"closed","sticky":false,"template":"","format":"standard","meta":{"_jetpack_memberships_contains_paid_content":false,"footnotes":""},"categories":[9,1],"tags":[],"class_list":["post-201725","post","type-post","status-publish","format-standard","has-post-thumbnail","hentry","category-cultura","category-portada"],"jetpack_featured_media_url":"https:\/\/i0.wp.com\/cdnoticias.com\/wp-content\/uploads\/2026\/04\/notevagustar-olavarria1.jpg?fit=800%2C445&ssl=1","jetpack_sharing_enabled":true,"_links":{"self":[{"href":"https:\/\/cdnoticias.com\/index.php\/wp-json\/wp\/v2\/posts\/201725","targetHints":{"allow":["GET"]}}],"collection":[{"href":"https:\/\/cdnoticias.com\/index.php\/wp-json\/wp\/v2\/posts"}],"about":[{"href":"https:\/\/cdnoticias.com\/index.php\/wp-json\/wp\/v2\/types\/post"}],"author":[{"embeddable":true,"href":"https:\/\/cdnoticias.com\/index.php\/wp-json\/wp\/v2\/users\/2"}],"replies":[{"embeddable":true,"href":"https:\/\/cdnoticias.com\/index.php\/wp-json\/wp\/v2\/comments?post=201725"}],"version-history":[{"count":1,"href":"https:\/\/cdnoticias.com\/index.php\/wp-json\/wp\/v2\/posts\/201725\/revisions"}],"predecessor-version":[{"id":201729,"href":"https:\/\/cdnoticias.com\/index.php\/wp-json\/wp\/v2\/posts\/201725\/revisions\/201729"}],"wp:featuredmedia":[{"embeddable":true,"href":"https:\/\/cdnoticias.com\/index.php\/wp-json\/wp\/v2\/media\/201727"}],"wp:attachment":[{"href":"https:\/\/cdnoticias.com\/index.php\/wp-json\/wp\/v2\/media?parent=201725"}],"wp:term":[{"taxonomy":"category","embeddable":true,"href":"https:\/\/cdnoticias.com\/index.php\/wp-json\/wp\/v2\/categories?post=201725"},{"taxonomy":"post_tag","embeddable":true,"href":"https:\/\/cdnoticias.com\/index.php\/wp-json\/wp\/v2\/tags?post=201725"}],"curies":[{"name":"wp","href":"https:\/\/api.w.org\/{rel}","templated":true}]}}