{"id":201719,"date":"2026-04-28T18:01:11","date_gmt":"2026-04-28T21:01:11","guid":{"rendered":"https:\/\/cdnoticias.com\/?p=201719"},"modified":"2026-04-28T18:01:13","modified_gmt":"2026-04-28T21:01:13","slug":"el-consumo-continua-en-la-pendiente-y-cayo-un-51-en-marzo","status":"publish","type":"post","link":"https:\/\/cdnoticias.com\/index.php\/2026\/04\/28\/el-consumo-continua-en-la-pendiente-y-cayo-un-51-en-marzo\/","title":{"rendered":"El consumo contin\u00faa en la pendiente y cay\u00f3 un -5,1% en marzo"},"content":{"rendered":"\n<p>La cifra refleja la baja con respecto al mismo mes del a\u00f1o anterior, seg\u00fan relevamiento de Scentia. El peor descenso fue en la categor\u00eda de Limpieza de Ropa y Hogar, con un -12%.<\/p>\n\n\n\n<hr class=\"wp-block-separator has-alpha-channel-opacity\"\/>\n\n\n\n<p>El escenario para el consumo en Argentina contin\u00faa mostrando se\u00f1ales de alerta. Seg\u00fan el \u00faltimo relevamiento de la<strong> consultora Scentia,<\/strong> las ventas de productos de consumo masivo registraron una <strong>ca\u00edda del -5,1% en marzo de 2026 en comparaci\u00f3n con el mismo mes del a\u00f1o anterior. <\/strong>Esta cifra marca una tendencia preocupante para el primer trimestre del a\u00f1o, que acumula una <strong>retracci\u00f3n del -3,1% (YTD).<\/strong><\/p>\n\n\n\n<p><\/p>\n\n\n\n<p>A pesar de que el indicador mensual muestra un <strong>repunte del +6,1% respecto a febrero de 2026, <\/strong>este incremento se atribuye principalmente a la<strong> estacionalidad del mes <\/strong>y no a una <strong>recuperaci\u00f3n real del poder adquisitivo, que sigue golpeado por una inflaci\u00f3n interanual del 32,6%.<\/strong><\/p>\n\n\n\n<p><\/p>\n\n\n\n<p>El informe detalla que el ajuste en los hogares ha sido selectivo pero profundo. La canasta de<strong> Limpieza de Ropa y Hogar lider\u00f3 las p\u00e9rdidas con un desplome del -12,0% <\/strong>en la comparaci\u00f3n interanual. Le siguen los <strong>productos Perecederos, con una baja del -9,7%, y el rubro de Desayuno y Merienda, que cay\u00f3 un -8,2%.<\/strong><\/p>\n\n\n\n<p><\/p>\n\n\n\n<p><strong>Variaciones<\/strong><\/p>\n\n\n\n<p><br>Otros rubros con variaciones destacadas en marzo 2026 vs. marzo 2025 fueron <strong>Higiene y Cosm\u00e9tica, -5,0%; Impulsivos (compras no planificadas), -4,3%; Alimentaci\u00f3n, -4,0%; Bebidas sin Alcohol, -1,4%.<\/strong><\/p>\n\n\n\n<p><\/p>\n\n\n\n<p>Las <strong>Bebidas con Alcohol <\/strong>fueron la \u00fanica categor\u00eda con signo positivo, con un <strong>crecimiento del +2,6%.<\/strong><\/p>\n\n\n\n<p><\/p>\n\n\n\n<p>En el acumulado del a\u00f1o, el rubro de <strong>Alimentaci\u00f3n logra mantenerse apenas en terreno positivo con un +0,8%<\/strong>, mientras que <strong>Bebidas sin Alcohol <\/strong>arrastra la peor parte del 2026 con una <strong>ca\u00edda acumulada del -7,3%.<\/strong><\/p>\n\n\n\n<p><\/p>\n\n\n\n<p><strong>Disparidad entre canales de venta<\/strong><\/p>\n\n\n\n<p><br>El comportamiento de los consumidores ha sido<strong> dispar seg\u00fan el lugar de compra. <\/strong>Los <strong>Supermercados <\/strong>de cadena sufrieron una fuerte contracci\u00f3n del -7,0% interanual. Por su parte, el canal <strong>Mayorista <\/strong>registr\u00f3 la ca\u00edda m\u00e1s estrepitosa del informe, con un -8,8%.<\/p>\n\n\n\n<p><\/p>\n\n\n\n<p>En la otra vereda, el <strong>E-commerce <\/strong>contin\u00faa consolid\u00e1ndose como la <strong>alternativa de mayor crecimiento, con un salto del +34,3% interanual en marzo y un acumulado anual del +31,3%.<\/strong> Las<strong> Farmacias <\/strong>tambi\u00e9n mostraron una leve resiliencia con una suba del +0,9% en el mes.<\/p>\n\n\n\n<p><\/p>\n\n\n\n<p><strong>Contexto econ\u00f3mico<\/strong><\/p>\n\n\n\n<p><br>Los indicadores econ\u00f3micos que acompa\u00f1an el reporte ayudan a entender la retracci\u00f3n. El <strong>\u00cdndice de Precios al Consumidor (IPC) de marzo fue del 3,4%,<\/strong> lo que eleva el acumulado de 2026 al 9,4% en solo tres meses.<\/p>\n\n\n\n<p><\/p>\n\n\n\n<p>Con una<strong> tasa de pobreza del 28,2% y un desempleo del 7,5% (al cierre del Q4 2025)<\/strong>, el margen de maniobra de las familias argentinas se ve severamente limitado, lo que impacta directamente en las g\u00f3ndolas de todo el pa\u00eds.<\/p>\n\n\n\n<p><\/p>\n\n\n\n<p><em><strong>Fuente: Agencia DIB<\/strong><\/em><\/p>\n\n\n\n<p><\/p>\n","protected":false},"excerpt":{"rendered":"<p>La cifra refleja la baja con respecto al mismo mes del a\u00f1o anterior, seg\u00fan relevamiento de Scentia. El peor descenso<\/p>\n","protected":false},"author":5,"featured_media":21364,"comment_status":"closed","ping_status":"closed","sticky":false,"template":"","format":"standard","meta":{"_jetpack_memberships_contains_paid_content":false,"footnotes":""},"categories":[6,1],"tags":[],"class_list":["post-201719","post","type-post","status-publish","format-standard","has-post-thumbnail","hentry","category-nacionales","category-portada"],"jetpack_featured_media_url":"https:\/\/i0.wp.com\/cdnoticias.com\/wp-content\/uploads\/2021\/05\/supermercado.jpg?fit=1184%2C674&ssl=1","jetpack_sharing_enabled":true,"_links":{"self":[{"href":"https:\/\/cdnoticias.com\/index.php\/wp-json\/wp\/v2\/posts\/201719","targetHints":{"allow":["GET"]}}],"collection":[{"href":"https:\/\/cdnoticias.com\/index.php\/wp-json\/wp\/v2\/posts"}],"about":[{"href":"https:\/\/cdnoticias.com\/index.php\/wp-json\/wp\/v2\/types\/post"}],"author":[{"embeddable":true,"href":"https:\/\/cdnoticias.com\/index.php\/wp-json\/wp\/v2\/users\/5"}],"replies":[{"embeddable":true,"href":"https:\/\/cdnoticias.com\/index.php\/wp-json\/wp\/v2\/comments?post=201719"}],"version-history":[{"count":0,"href":"https:\/\/cdnoticias.com\/index.php\/wp-json\/wp\/v2\/posts\/201719\/revisions"}],"wp:featuredmedia":[{"embeddable":true,"href":"https:\/\/cdnoticias.com\/index.php\/wp-json\/wp\/v2\/media\/21364"}],"wp:attachment":[{"href":"https:\/\/cdnoticias.com\/index.php\/wp-json\/wp\/v2\/media?parent=201719"}],"wp:term":[{"taxonomy":"category","embeddable":true,"href":"https:\/\/cdnoticias.com\/index.php\/wp-json\/wp\/v2\/categories?post=201719"},{"taxonomy":"post_tag","embeddable":true,"href":"https:\/\/cdnoticias.com\/index.php\/wp-json\/wp\/v2\/tags?post=201719"}],"curies":[{"name":"wp","href":"https:\/\/api.w.org\/{rel}","templated":true}]}}