{"id":201717,"date":"2026-05-01T19:00:04","date_gmt":"2026-05-01T22:00:04","guid":{"rendered":"https:\/\/cdnoticias.com\/?p=201717"},"modified":"2026-05-01T19:00:05","modified_gmt":"2026-05-01T22:00:05","slug":"el-gobierno-buscara-desregular-la-compraventa-de-propiedades-para-bajar-costos","status":"publish","type":"post","link":"https:\/\/cdnoticias.com\/index.php\/2026\/05\/01\/el-gobierno-buscara-desregular-la-compraventa-de-propiedades-para-bajar-costos\/","title":{"rendered":"El Gobierno buscar\u00e1 desregular la compraventa de propiedades para bajar costos"},"content":{"rendered":"\n<p>El ministro Federico Sturzenegger confirm\u00f3 que en junio enviar\u00e1 al Congreso un paquete para avanzar con la desregulaci\u00f3n inmobiliaria.<\/p>\n\n\n\n<hr class=\"wp-block-separator has-alpha-channel-opacity\"\/>\n\n\n\n<p>El<strong> ministro de Desregulaci\u00f3n y Transformaci\u00f3n del Estado, Federico Sturzenegger<\/strong>, asegur\u00f3 que el Gobierno de Javier Milei enviar\u00e1 en junio un paquete de <strong>desregulaci\u00f3n inmobiliaria<\/strong> al Congreso con el objetivo de bajar costos en las operaciones de compraventa y ampliar la competencia en el sector.<\/p>\n\n\n\n<p><\/p>\n\n\n\n<p><strong>\u201cQue un Colegio Profesional ponga un precio m\u00ednimo es una aberraci\u00f3n social\u201d,<\/strong> dijo el funcionario durante el evento \u201cReal estate 2026: expectativas y realidad\u201d, organizado por Reporte Inmobiliario. All\u00ed insisti\u00f3 con la necesidad de avanzar en la desregulaci\u00f3n de los colegios profesionales y del sector.<\/p>\n\n\n\n<p><\/p>\n\n\n\n<p>\u201cEl problema no es la existencia de los colegios en s\u00ed, sino cuando usan el poder del Estado para fijar condiciones que no responden al mercado\u201d, plante\u00f3. En esa l\u00ednea,<strong> cuestion\u00f3 la imposici\u00f3n de honorarios m\u00ednimos, la obligatoriedad de matriculaci\u00f3n y la existencia de barreras de entrada que limitan la competencia.<\/strong><\/p>\n\n\n\n<p><\/p>\n\n\n\n<blockquote class=\"wp-block-quote is-layout-flow wp-block-quote-is-layout-flow\">\n<p>\u201cSi un profesional quiere cobrar menos, no deber\u00eda haber una norma que lo impida\u201d, dijo Sturzenegger. Y agreg\u00f3: \u201cLa idea es que cualquiera pueda innovar, crear nuevos modelos y ofrecer mejores condiciones\u201d.<\/p>\n<\/blockquote>\n\n\n\n<p><\/p>\n\n\n\n<p>Tambi\u00e9n advirti\u00f3 que se trata de un<strong> proceso complejo<\/strong>, ya que <strong>muchas de estas regulaciones tienen car\u00e1cter jurisdiccional y dependen de provincias o incluso de reformas constitucionales. <\/strong>En ese contexto, confirm\u00f3 que el paquete legislativo que el Gobierno enviar\u00e1 en junio incluir\u00e1 cambios espec\u00edficos sobre el corretaje y otras actividades reguladas.<\/p>\n\n\n\n<p><\/p>\n\n\n\n<p><em><strong>Fuente: Agencia DIB<\/strong><\/em><\/p>\n","protected":false},"excerpt":{"rendered":"<p>El ministro Federico Sturzenegger confirm\u00f3 que en junio enviar\u00e1 al Congreso un paquete para avanzar con la desregulaci\u00f3n inmobiliaria. El<\/p>\n","protected":false},"author":5,"featured_media":2375,"comment_status":"closed","ping_status":"closed","sticky":false,"template":"","format":"standard","meta":{"_jetpack_memberships_contains_paid_content":false,"footnotes":""},"categories":[6,1],"tags":[],"class_list":["post-201717","post","type-post","status-publish","format-standard","has-post-thumbnail","hentry","category-nacionales","category-portada"],"jetpack_featured_media_url":"https:\/\/i0.wp.com\/cdnoticias.com\/wp-content\/uploads\/2020\/09\/creditos.jpg?fit=770%2C494&ssl=1","jetpack_sharing_enabled":true,"_links":{"self":[{"href":"https:\/\/cdnoticias.com\/index.php\/wp-json\/wp\/v2\/posts\/201717","targetHints":{"allow":["GET"]}}],"collection":[{"href":"https:\/\/cdnoticias.com\/index.php\/wp-json\/wp\/v2\/posts"}],"about":[{"href":"https:\/\/cdnoticias.com\/index.php\/wp-json\/wp\/v2\/types\/post"}],"author":[{"embeddable":true,"href":"https:\/\/cdnoticias.com\/index.php\/wp-json\/wp\/v2\/users\/5"}],"replies":[{"embeddable":true,"href":"https:\/\/cdnoticias.com\/index.php\/wp-json\/wp\/v2\/comments?post=201717"}],"version-history":[{"count":1,"href":"https:\/\/cdnoticias.com\/index.php\/wp-json\/wp\/v2\/posts\/201717\/revisions"}],"predecessor-version":[{"id":202151,"href":"https:\/\/cdnoticias.com\/index.php\/wp-json\/wp\/v2\/posts\/201717\/revisions\/202151"}],"wp:featuredmedia":[{"embeddable":true,"href":"https:\/\/cdnoticias.com\/index.php\/wp-json\/wp\/v2\/media\/2375"}],"wp:attachment":[{"href":"https:\/\/cdnoticias.com\/index.php\/wp-json\/wp\/v2\/media?parent=201717"}],"wp:term":[{"taxonomy":"category","embeddable":true,"href":"https:\/\/cdnoticias.com\/index.php\/wp-json\/wp\/v2\/categories?post=201717"},{"taxonomy":"post_tag","embeddable":true,"href":"https:\/\/cdnoticias.com\/index.php\/wp-json\/wp\/v2\/tags?post=201717"}],"curies":[{"name":"wp","href":"https:\/\/api.w.org\/{rel}","templated":true}]}}