{"id":201714,"date":"2026-04-30T10:07:26","date_gmt":"2026-04-30T13:07:26","guid":{"rendered":"https:\/\/cdnoticias.com\/?p=201714"},"modified":"2026-04-30T10:07:28","modified_gmt":"2026-04-30T13:07:28","slug":"feria-dia-del-trabajador-en-colonia-nievas","status":"publish","type":"post","link":"https:\/\/cdnoticias.com\/index.php\/2026\/04\/30\/feria-dia-del-trabajador-en-colonia-nievas\/","title":{"rendered":"Feria D\u00eda del Trabajador en Colonia Nievas"},"content":{"rendered":"<p>Este viernes desde las 12 habr\u00e1 artesanos y espect\u00e1culos en una propuesta pensada para toda la comunidad. En el predio frente a la iglesia con entrada gratuita.<\/p>\n\n\n<hr class=\"wp-block-separator has-alpha-channel-opacity\"\/>\n\n\n\n<!--more-->\n\n\n\n<p>El <strong>pr\u00f3ximo viernes 1\u00ba de mayo<\/strong>, desde las<strong> 12 horas<\/strong>, se llevar\u00e1 a cabo una<strong> feria en el predio Corrales de Nievas<\/strong>, ubicado frente a la Iglesia de Colonia Nievas, con entrada libre y gratuita.<\/p>\n\n\n\n<p><\/p>\n\n\n\n<p>Se trata de la <strong>Feria D\u00eda del Trabajador <\/strong>en la que habr\u00e1<strong> puestos de artesanos y emprendedores locales<\/strong>, adem\u00e1s de una<strong> variada oferta gastron\u00f3mica<\/strong> para disfrutar en familia o con amigos.<\/p>\n\n\n\n<p><\/p>\n\n\n\n<p>Tambi\u00e9n incluir\u00e1 <strong>espect\u00e1culos musicales en vivo<\/strong>, con las presentaciones de <strong>Horacio \u201cEl Sabor Cumbiero\u201d y Gustavo Corvi<\/strong>, que aportar\u00e1n ritmo y animaci\u00f3n al evento.<\/p>\n\n\n\n<p><\/p>\n\n\n\n<p>Desde la organizaci\u00f3n destacaron que se trata de una iniciativa que<em> busca fortalecer los espacios de encuentro comunitario y acompa\u00f1ar el desarrollo de los emprendedores de la zona.<\/em><\/p>\n\n\n\n<p><\/p>\n\n\n\n<p>Para m\u00e1s informaci\u00f3n, las personas interesadas pueden comunicarse al 2284 571285.<\/p>\n\n\n\n<p><\/p>\n","protected":false},"excerpt":{"rendered":"<p>Este viernes desde las 12 habr\u00e1 artesanos y espect\u00e1culos en una propuesta pensada para toda la comunidad. En el predio<\/p>\n","protected":false},"author":4,"featured_media":201715,"comment_status":"closed","ping_status":"closed","sticky":false,"template":"","format":"standard","meta":{"_jetpack_memberships_contains_paid_content":false,"footnotes":""},"categories":[9,1],"tags":[],"class_list":["post-201714","post","type-post","status-publish","format-standard","has-post-thumbnail","hentry","category-cultura","category-portada"],"jetpack_featured_media_url":"https:\/\/i0.wp.com\/cdnoticias.com\/wp-content\/uploads\/2026\/04\/feria-dia-del-trabajador-colonia-nievas-00.jpg?fit=800%2C445&ssl=1","jetpack_sharing_enabled":true,"_links":{"self":[{"href":"https:\/\/cdnoticias.com\/index.php\/wp-json\/wp\/v2\/posts\/201714","targetHints":{"allow":["GET"]}}],"collection":[{"href":"https:\/\/cdnoticias.com\/index.php\/wp-json\/wp\/v2\/posts"}],"about":[{"href":"https:\/\/cdnoticias.com\/index.php\/wp-json\/wp\/v2\/types\/post"}],"author":[{"embeddable":true,"href":"https:\/\/cdnoticias.com\/index.php\/wp-json\/wp\/v2\/users\/4"}],"replies":[{"embeddable":true,"href":"https:\/\/cdnoticias.com\/index.php\/wp-json\/wp\/v2\/comments?post=201714"}],"version-history":[{"count":1,"href":"https:\/\/cdnoticias.com\/index.php\/wp-json\/wp\/v2\/posts\/201714\/revisions"}],"predecessor-version":[{"id":201994,"href":"https:\/\/cdnoticias.com\/index.php\/wp-json\/wp\/v2\/posts\/201714\/revisions\/201994"}],"wp:featuredmedia":[{"embeddable":true,"href":"https:\/\/cdnoticias.com\/index.php\/wp-json\/wp\/v2\/media\/201715"}],"wp:attachment":[{"href":"https:\/\/cdnoticias.com\/index.php\/wp-json\/wp\/v2\/media?parent=201714"}],"wp:term":[{"taxonomy":"category","embeddable":true,"href":"https:\/\/cdnoticias.com\/index.php\/wp-json\/wp\/v2\/categories?post=201714"},{"taxonomy":"post_tag","embeddable":true,"href":"https:\/\/cdnoticias.com\/index.php\/wp-json\/wp\/v2\/tags?post=201714"}],"curies":[{"name":"wp","href":"https:\/\/api.w.org\/{rel}","templated":true}]}}