{"id":201710,"date":"2026-05-01T12:14:03","date_gmt":"2026-05-01T15:14:03","guid":{"rendered":"https:\/\/cdnoticias.com\/?p=201710"},"modified":"2026-05-01T12:14:05","modified_gmt":"2026-05-01T15:14:05","slug":"crece-la-adhesion-al-nuevo-regimen-de-arba-que-evita-acumulacion-de-saldos-a-favor-en-ingresos-brutos","status":"publish","type":"post","link":"https:\/\/cdnoticias.com\/index.php\/2026\/05\/01\/crece-la-adhesion-al-nuevo-regimen-de-arba-que-evita-acumulacion-de-saldos-a-favor-en-ingresos-brutos\/","title":{"rendered":"Crece la adhesi\u00f3n al nuevo r\u00e9gimen de ARBA que evita acumulaci\u00f3n de saldos a favor en Ingresos Brutos"},"content":{"rendered":"<p>M\u00e1s de 12 mil pymes se sumaron al sistema que busca mejorar el capital de trabajo del sector productivo. El director Cristian Girard defini\u00f3 al r\u00e9gimen como \u201cmodernizaci\u00f3n con sensibilidad\u201d.<\/p>\n\n\n<hr class=\"wp-block-separator has-alpha-channel-opacity\"\/>\n\n\n\n<!--more-->\n\n\n\n<p><strong>Cerca de 12 mil pymes, comercios y peque\u00f1as empresas bonaerenses<\/strong> se <strong>inscribieron durante el primer trimestre <\/strong>de 2026 al <strong>r\u00e9gimen \u201cRiesgo 0, SAF 0\u201d, la nueva herramienta implementada por la Agencia de Recaudaci\u00f3n de la provincia de Buenos Aires (ARBA) <\/strong>para <em>evitar la acumulaci\u00f3n de saldos a favor en el Impuesto sobre los Ingresos Brutos y mejorar el capital de trabajo del sector productivo.<\/em><\/p>\n\n\n\n<p><\/p>\n\n\n\n<p>La iniciativa introduce un <strong>esquema de ajuste autom\u00e1tico de al\u00edcuotas de retenci\u00f3n y percepci\u00f3n<\/strong>, que se adec\u00faan en funci\u00f3n del perfil fiscal de cada contribuyente. Cuando los pagos a cuenta superan niveles razonables respecto del impuesto determinado, <strong>el sistema reduce de oficio esas al\u00edcuotas<\/strong>, evitando la generaci\u00f3n de cr\u00e9ditos fiscales inmovilizados.<\/p>\n\n\n\n<p><\/p>\n\n\n\n<p>\u201cEl nivel de adhesi\u00f3n alcanzado en los primeros meses del a\u00f1o refleja el <strong>impacto positivo de la medida en el entramado productivo<\/strong>, en particular entre peque\u00f1as y medianas empresas que <strong>requieren previsibilidad y liquidez<\/strong> para sostener su actividad en un contexto econ\u00f3mico complejo\u201d inform\u00f3 el organismo provincial.<\/p>\n\n\n\n<p><\/p>\n\n\n\n<blockquote class=\"wp-block-quote is-layout-flow wp-block-quote-is-layout-flow\">\n<p>Cristian Girard, director ejecutivo de ARBA, se\u00f1al\u00f3 que \u201cla r\u00e1pida incorporaci\u00f3n de m\u00e1s de 12 mil pymes demuestra que estamos dando respuesta a una demanda concreta del sector productivo: terminar con los saldos a favor que durante a\u00f1os afectaron el flujo financiero de las empresas\u201d. Y agreg\u00f3: \u201ceste r\u00e9gimen ordena los anticipos, mejora la previsibilidad y libera recursos para invertir y producir\u201d.<\/p>\n<\/blockquote>\n\n\n\n<p><\/p>\n\n\n\n<figure class=\"wp-block-embed is-type-rich is-provider-twitter wp-block-embed-twitter\"><div class=\"wp-block-embed__wrapper\">\n<div class=\"embed-twitter\"><blockquote class=\"twitter-tweet\" data-width=\"550\" data-dnt=\"true\"><p lang=\"es\" dir=\"ltr\">\u25b6\ufe0f M\u00e1s de 12 mil <a href=\"https:\/\/twitter.com\/hashtag\/PyMEs?src=hash&amp;ref_src=twsrc%5Etfw\">#PyMEs<\/a> bonaerenses ya se sumaron al r\u00e9gimen \u201cRiesgo 0, SAF 0\u201d. No es un dato menor: durante a\u00f1os, muchas empresas acumularon saldos a favor que inmovilizaban capital de trabajo. Corregimos una distorsi\u00f3n que afectaba directamente a quienes producen. <a href=\"https:\/\/t.co\/8ZLUtIyyaN\">pic.twitter.com\/8ZLUtIyyaN<\/a><\/p>&mdash; ARBA (@arba) <a href=\"https:\/\/twitter.com\/arba\/status\/2048917581596082625?ref_src=twsrc%5Etfw\">April 28, 2026<\/a><\/blockquote><script async src=\"https:\/\/platform.twitter.com\/widgets.js\" charset=\"utf-8\"><\/script><\/div>\n<\/div><\/figure>\n\n\n\n<p><\/p>\n\n\n\n<p>El <strong>esquema \u201cRiesgo 0, SAF 0\u201d <\/strong>forma parte de <strong>una pol\u00edtica integral de simplificaci\u00f3n tributaria<\/strong> que la Provincia viene desarrollando desde 2020, con el objetivo de reducir la carga administrativa y financiera sobre contribuyentes cumplidores, al tiempo que se fortalecen los controles sobre sectores de mayor capacidad contributiva.<\/p>\n\n\n\n<p><\/p>\n\n\n\n<p>En paralelo, ARBA contin\u00faa optimizando los mecanismos de devoluci\u00f3n de saldos a favor. Actualmente, el sistema permite <strong>gestionar reintegros de hasta $3,5 millones de manera digital<\/strong>, con acreditaci\u00f3n en un plazo de hasta 72 horas h\u00e1biles, lo que agiliza la recuperaci\u00f3n de fondos y mejora la liquidez de las y los contribuyentes.<\/p>\n\n\n\n<p><\/p>\n\n\n\n<blockquote class=\"wp-block-quote is-layout-flow wp-block-quote-is-layout-flow\">\n<p>\u201cPasamos de un esquema que generaba saldos a favor de manera estructural a un sistema m\u00e1s transparente, \u00e1gil y previsible. Eso es modernizaci\u00f3n con sensibilidad: cuidar a quienes producen sin resignar la capacidad de recaudar con equidad\u201d, subray\u00f3 Girard.<\/p>\n<\/blockquote>\n\n\n\n<p><\/p>\n\n\n\n<p>Desde la implementaci\u00f3n de las reformas en Ingresos Brutos, <strong>ARBA logr\u00f3 reducir significativamente el stock de saldos a favor acumulados<\/strong>, devolviendo recursos al sector privado y favoreciendo el desarrollo econ\u00f3mico. Con este nuevo r\u00e9gimen, la Agencia consolida <strong>un modelo de administraci\u00f3n tributaria <\/strong>basado en la progresividad, la eficiencia y el acompa\u00f1amiento al sector productivo bonaerense.<\/p>\n\n\n\n<p><\/p>\n","protected":false},"excerpt":{"rendered":"<p>M\u00e1s de 12 mil pymes se sumaron al sistema que busca mejorar el capital de trabajo del sector productivo. El<\/p>\n","protected":false},"author":4,"featured_media":201711,"comment_status":"closed","ping_status":"closed","sticky":false,"template":"","format":"standard","meta":{"_jetpack_memberships_contains_paid_content":false,"footnotes":""},"categories":[6,1],"tags":[],"class_list":["post-201710","post","type-post","status-publish","format-standard","has-post-thumbnail","hentry","category-nacionales","category-portada"],"jetpack_featured_media_url":"https:\/\/i0.wp.com\/cdnoticias.com\/wp-content\/uploads\/2026\/04\/ARBA-industria-pyme-00.jpg?fit=1000%2C556&ssl=1","jetpack_sharing_enabled":true,"_links":{"self":[{"href":"https:\/\/cdnoticias.com\/index.php\/wp-json\/wp\/v2\/posts\/201710","targetHints":{"allow":["GET"]}}],"collection":[{"href":"https:\/\/cdnoticias.com\/index.php\/wp-json\/wp\/v2\/posts"}],"about":[{"href":"https:\/\/cdnoticias.com\/index.php\/wp-json\/wp\/v2\/types\/post"}],"author":[{"embeddable":true,"href":"https:\/\/cdnoticias.com\/index.php\/wp-json\/wp\/v2\/users\/4"}],"replies":[{"embeddable":true,"href":"https:\/\/cdnoticias.com\/index.php\/wp-json\/wp\/v2\/comments?post=201710"}],"version-history":[{"count":1,"href":"https:\/\/cdnoticias.com\/index.php\/wp-json\/wp\/v2\/posts\/201710\/revisions"}],"predecessor-version":[{"id":202115,"href":"https:\/\/cdnoticias.com\/index.php\/wp-json\/wp\/v2\/posts\/201710\/revisions\/202115"}],"wp:featuredmedia":[{"embeddable":true,"href":"https:\/\/cdnoticias.com\/index.php\/wp-json\/wp\/v2\/media\/201711"}],"wp:attachment":[{"href":"https:\/\/cdnoticias.com\/index.php\/wp-json\/wp\/v2\/media?parent=201710"}],"wp:term":[{"taxonomy":"category","embeddable":true,"href":"https:\/\/cdnoticias.com\/index.php\/wp-json\/wp\/v2\/categories?post=201710"},{"taxonomy":"post_tag","embeddable":true,"href":"https:\/\/cdnoticias.com\/index.php\/wp-json\/wp\/v2\/tags?post=201710"}],"curies":[{"name":"wp","href":"https:\/\/api.w.org\/{rel}","templated":true}]}}