{"id":201708,"date":"2026-04-28T09:29:46","date_gmt":"2026-04-28T12:29:46","guid":{"rendered":"https:\/\/cdnoticias.com\/?p=201708"},"modified":"2026-04-28T11:12:58","modified_gmt":"2026-04-28T14:12:58","slug":"avanza-la-regularizacion-dominial-con-la-firma-de-89-escrituras-sociales-en-olavarria","status":"publish","type":"post","link":"https:\/\/cdnoticias.com\/index.php\/2026\/04\/28\/avanza-la-regularizacion-dominial-con-la-firma-de-89-escrituras-sociales-en-olavarria\/","title":{"rendered":"Avanza la regularizaci\u00f3n dominial con la firma de 89 escrituras sociales en Olavarr\u00eda"},"content":{"rendered":"\n<p>El acto se realizar\u00e1 en el Sal\u00f3n Rivadavia con participaci\u00f3n de autoridades municipales y provinciales. Corresponde a operatorias de regularizaci\u00f3n dominial y vivienda.<\/p>\n\n\n\n<hr class=\"wp-block-separator has-alpha-channel-opacity\"\/>\n\n\n\n<p>El Municipio de Olavarr\u00eda inform\u00f3 que el pr\u00f3ximo<strong> mi\u00e9rcoles 6 de mayo <\/strong>se llevar\u00e1 a cabo un nuevo acto de<strong> firma de escrituras sociales,<\/strong> en el marco del trabajo articulado con la Escriban\u00eda General de Gobierno y el Instituto de la Vivienda de la Provincia de Buenos Aires.<\/p>\n\n\n\n<p><\/p>\n\n\n\n<p>La actividad <strong>comenzar\u00e1 a las 13 en el Sal\u00f3n Rivadavia<\/strong> y contar\u00e1 con la presencia de funcionarios municipales y provinciales.<\/p>\n\n\n\n<p><\/p>\n\n\n\n<blockquote class=\"wp-block-quote is-layout-flow wp-block-quote-is-layout-flow\">\n<p>En la oportunidad se firmar\u00e1n un total de 89 escrituras: 48 correspondientes a la Ley 10.830, 30 vinculadas a operatorias del Instituto de la Vivienda y 11 por Prescripciones Adquisitivas en el marco de la Ley 24.320.<\/p>\n<\/blockquote>\n\n\n\n<p><\/p>\n\n\n\n<p>Desde la Direcci\u00f3n de Casa de Tierras y Regularizaci\u00f3n Dominial se indic\u00f3 que <strong>las personas convocadas deber\u00e1n presentarse con media hora de antelaci\u00f3n para realizar la acreditaci\u00f3n correspondiente. Para ello deber\u00e1n concurrir con documento de identidad y fotocopia, constancia de CUIL o CUIT, y en caso de corresponder, copia simple de la sentencia de divorcio o el poder original <\/strong>si asisten en car\u00e1cter de apoderado.<\/p>\n\n\n\n<p><\/p>\n\n\n\n<p>Asimismo, se detall\u00f3 que aquellas personas que ya iniciaron tr\u00e1mites de escrituraci\u00f3n social y no fueron convocadas en esta instancia, continuar\u00e1n con sus expedientes en curso y ser\u00e1n citadas pr\u00f3ximamente.<\/p>\n\n\n\n<p><\/p>\n\n\n\n<p>Por consultas o mayor informaci\u00f3n, podr\u00e1n dirigirse a la Direcci\u00f3n de Casa de Tierras y Regularizaci\u00f3n Dominial, ubicada en el primer piso del Palacio San Mart\u00edn, o comunicarse telef\u00f3nicamente al 440442 internos 1750 o 1753, de lunes a viernes en el horario de 7 a 13.<\/p>\n\n\n\n<p><\/p>\n\n\n\n<p><strong>Titulares<\/strong><\/p>\n\n\n\n<p><\/p>\n\n\n\n<p>Acosta, Romina Lucrecia \/\/ Acu\u00f1a, Javier Alberto \/\/ Arias, Maria Laura \/\/ Arouxet, Maria Cristina- Zalazar, Osvaldo Ruben \/\/ Ayalef, Myriam Lujan \/\/ Bustos Castro, Estela Maris \u2013 Estrada, Cristian Omar \/\/ Cabrera, Julian Anibal \u2013 Gyarmatti, Marcela Viviana \/\/ Cananiz, Omar Alfredo \u2013 Albertario, Luis Roberto \/\/ Caputo, Maria Eugenia Carolina \/\/ Carriere, Rocio Edith \/\/ Castro, Cristian Omar \u2013 Burelli, Viviana Elisabet \u2013 Nasello, Hector Omar \/\/ Cisneros, Fernando Gabriel \u2013 Paredes, Andrea Soledad \/\/ Conlon, Marcelo \/\/ Damaso, Maria Teresa \/\/ Daquino, Gabriela Andrea \/\/ Fernandez, Claudia Alicia \/\/ Fernandez, Claudia Alicia \/\/ Galasco, Maria Victoria \/\/ Genobes, Monica Estela \u2013 Padin, Abel Juan Horacio \/\/ Ivroud, Viviana Lilian \/\/ Kuber, Guillermo Adolfo, Lachermeier, Natalia Andrea \u2013 Liberatti, Miguel Angel \/\/ Ledesma, Cintia Joana \/\/ Lendi, Carlos Damian \/\/ Lopez, Damniel Edgardo \u2013 Martinez Cajal, Veronica Gabriela \/\/ Luluaga, Daiana Alessandra \/\/ Luna, Juan Jose \/\/ Macias, Damian Alejandro \u2013 Pizarro, Maria Alejandra \/\/ Matarazzo, Veronica Ivana \/\/ Matias, Marcelo Javier \/\/ Nahuelan, Cintia Lorena \u2013 Sanchez, Claudio Marcelo \/\/ Ortiz, Susana Silvia \u2013 Block, Raul \u2013 Cura, Eva Josefa \/\/ Pacheco, Maria Alejandra \/\/ Poli, Christian Alejandro \/\/ San Martin, Pablo Roberto \/\/ Sanchez, Marta Isabel \u2013 Torres, Rogelio Pablo \/\/ Schmale, Alejandro Marcelo \/\/ Suarez, Adriana Silvina \/\/ Suarez, Carina Noemi \u2013 Villalba, Miguel Angel \/\/ Vega, Virginia Belen \u2013 Gelso, Ariel Eduardo \/\/ Villarruel, Cecilia Mabel.<\/p>\n","protected":false},"excerpt":{"rendered":"<p>El acto se realizar\u00e1 en el Sal\u00f3n Rivadavia con participaci\u00f3n de autoridades municipales y provinciales. Corresponde a operatorias de regularizaci\u00f3n<\/p>\n","protected":false},"author":5,"featured_media":183506,"comment_status":"closed","ping_status":"closed","sticky":false,"template":"","format":"standard","meta":{"_jetpack_memberships_contains_paid_content":false,"footnotes":""},"categories":[5,1],"tags":[],"class_list":["post-201708","post","type-post","status-publish","format-standard","has-post-thumbnail","hentry","category-informacion-general","category-portada"],"jetpack_featured_media_url":"https:\/\/i0.wp.com\/cdnoticias.com\/wp-content\/uploads\/2025\/09\/Firma-escrituras10-scaled-1.jpg?fit=2560%2C1707&ssl=1","jetpack_sharing_enabled":true,"_links":{"self":[{"href":"https:\/\/cdnoticias.com\/index.php\/wp-json\/wp\/v2\/posts\/201708","targetHints":{"allow":["GET"]}}],"collection":[{"href":"https:\/\/cdnoticias.com\/index.php\/wp-json\/wp\/v2\/posts"}],"about":[{"href":"https:\/\/cdnoticias.com\/index.php\/wp-json\/wp\/v2\/types\/post"}],"author":[{"embeddable":true,"href":"https:\/\/cdnoticias.com\/index.php\/wp-json\/wp\/v2\/users\/5"}],"replies":[{"embeddable":true,"href":"https:\/\/cdnoticias.com\/index.php\/wp-json\/wp\/v2\/comments?post=201708"}],"version-history":[{"count":1,"href":"https:\/\/cdnoticias.com\/index.php\/wp-json\/wp\/v2\/posts\/201708\/revisions"}],"predecessor-version":[{"id":201709,"href":"https:\/\/cdnoticias.com\/index.php\/wp-json\/wp\/v2\/posts\/201708\/revisions\/201709"}],"wp:featuredmedia":[{"embeddable":true,"href":"https:\/\/cdnoticias.com\/index.php\/wp-json\/wp\/v2\/media\/183506"}],"wp:attachment":[{"href":"https:\/\/cdnoticias.com\/index.php\/wp-json\/wp\/v2\/media?parent=201708"}],"wp:term":[{"taxonomy":"category","embeddable":true,"href":"https:\/\/cdnoticias.com\/index.php\/wp-json\/wp\/v2\/categories?post=201708"},{"taxonomy":"post_tag","embeddable":true,"href":"https:\/\/cdnoticias.com\/index.php\/wp-json\/wp\/v2\/tags?post=201708"}],"curies":[{"name":"wp","href":"https:\/\/api.w.org\/{rel}","templated":true}]}}