{"id":201698,"date":"2026-04-27T20:27:56","date_gmt":"2026-04-27T23:27:56","guid":{"rendered":"https:\/\/cdnoticias.com\/?p=201698"},"modified":"2026-04-27T20:27:58","modified_gmt":"2026-04-27T23:27:58","slug":"un-adolescente-circulaba-en-una-moto-con-varias-irregularidades-y-fue-interceptado","status":"publish","type":"post","link":"https:\/\/cdnoticias.com\/index.php\/2026\/04\/27\/un-adolescente-circulaba-en-una-moto-con-varias-irregularidades-y-fue-interceptado\/","title":{"rendered":"Un adolescente circulaba en una moto con varias irregularidades y fue interceptado"},"content":{"rendered":"\n<p>Fue en la zona de L\u00edbano y Montesano, en un operativo. La moto ten\u00eda prohibici\u00f3n de circular desde agosto de 2022.<\/p>\n\n\n\n<hr class=\"wp-block-separator aligncenter has-alpha-channel-opacity\"\/>\n\n\n\n<p>Un<strong> adolescente de 17 a\u00f1os <\/strong>fue aprehendido en Olavarr\u00eda tras ser interceptado mientras<strong> circulaba en una motocicleta con irregularidades.<\/strong><\/p>\n\n\n\n<p>El procedimiento se realiz\u00f3 en la <strong>intersecci\u00f3n de Rep\u00fablica del L\u00edbano y Juan Montesano<\/strong>, donde personal de motopolic\u00edas llev\u00f3 a cabo la interceptaci\u00f3n en el marco de un operativo. Al momento del control, se constat\u00f3 que <strong>el joven no pose\u00eda la documentaci\u00f3n correspondiente del rodado.<\/strong><\/p>\n\n\n\n<blockquote class=\"wp-block-quote is-layout-flow wp-block-quote-is-layout-flow\">\n<p>Durante la inspecci\u00f3n, se estableci\u00f3 que la motocicleta, una Brava de color violeta, presentaba el n\u00famero de chasis suprimido. Asimismo, al cursar los datos del motor, se determin\u00f3 que registraba una \u201cprohibici\u00f3n de circular\u201d vigente desde el 9 de agosto de 2022, emitida por el registro seccional \u201cA\u201d de Olavarr\u00eda.<\/p>\n<\/blockquote>\n\n\n\n<p>El adolescente fue notificado de la formaci\u00f3n de causa por el delito de<em><strong> \u201cinfracci\u00f3n al art\u00edculo 289 inciso 3 del C\u00f3digo Penal\u201d<\/strong><\/em>, con intervenci\u00f3n de la UFI N\u00b0 17 (Unidad Fiscal de Investigaci\u00f3n), a cargo de la Dra. Mariela Viceconte. <strong>De acuerdo a lo dispuesto, continu\u00f3 en libertad conforme al art\u00edculo 161 del CPPBA y fue entregado a su progenitora.<\/strong><\/p>\n\n\n\n<p><strong>El motoveh\u00edculo fue secuestrado <\/strong>y las actuaciones fueron remitidas a la Comisar\u00eda Primera por cuestiones de jurisdicci\u00f3n.<\/p>\n","protected":false},"excerpt":{"rendered":"<p>Fue en la zona de L\u00edbano y Montesano, en un operativo. La moto ten\u00eda prohibici\u00f3n de circular desde agosto de<\/p>\n","protected":false},"author":2,"featured_media":201699,"comment_status":"closed","ping_status":"closed","sticky":false,"template":"","format":"standard","meta":{"_jetpack_memberships_contains_paid_content":false,"footnotes":""},"categories":[7,14],"tags":[],"class_list":["post-201698","post","type-post","status-publish","format-standard","has-post-thumbnail","hentry","category-central","category-policiales"],"jetpack_featured_media_url":"https:\/\/i0.wp.com\/cdnoticias.com\/wp-content\/uploads\/2026\/04\/moto-secuestrada.jpg?fit=800%2C445&ssl=1","jetpack_sharing_enabled":true,"_links":{"self":[{"href":"https:\/\/cdnoticias.com\/index.php\/wp-json\/wp\/v2\/posts\/201698","targetHints":{"allow":["GET"]}}],"collection":[{"href":"https:\/\/cdnoticias.com\/index.php\/wp-json\/wp\/v2\/posts"}],"about":[{"href":"https:\/\/cdnoticias.com\/index.php\/wp-json\/wp\/v2\/types\/post"}],"author":[{"embeddable":true,"href":"https:\/\/cdnoticias.com\/index.php\/wp-json\/wp\/v2\/users\/2"}],"replies":[{"embeddable":true,"href":"https:\/\/cdnoticias.com\/index.php\/wp-json\/wp\/v2\/comments?post=201698"}],"version-history":[{"count":1,"href":"https:\/\/cdnoticias.com\/index.php\/wp-json\/wp\/v2\/posts\/201698\/revisions"}],"predecessor-version":[{"id":201700,"href":"https:\/\/cdnoticias.com\/index.php\/wp-json\/wp\/v2\/posts\/201698\/revisions\/201700"}],"wp:featuredmedia":[{"embeddable":true,"href":"https:\/\/cdnoticias.com\/index.php\/wp-json\/wp\/v2\/media\/201699"}],"wp:attachment":[{"href":"https:\/\/cdnoticias.com\/index.php\/wp-json\/wp\/v2\/media?parent=201698"}],"wp:term":[{"taxonomy":"category","embeddable":true,"href":"https:\/\/cdnoticias.com\/index.php\/wp-json\/wp\/v2\/categories?post=201698"},{"taxonomy":"post_tag","embeddable":true,"href":"https:\/\/cdnoticias.com\/index.php\/wp-json\/wp\/v2\/tags?post=201698"}],"curies":[{"name":"wp","href":"https:\/\/api.w.org\/{rel}","templated":true}]}}