{"id":201693,"date":"2026-04-27T19:45:39","date_gmt":"2026-04-27T22:45:39","guid":{"rendered":"https:\/\/cdnoticias.com\/?p=201693"},"modified":"2026-04-27T20:40:49","modified_gmt":"2026-04-27T23:40:49","slug":"una-mujer-resulto-herida-en-otro-siniestro-vial-en-la-ciudad","status":"publish","type":"post","link":"https:\/\/cdnoticias.com\/index.php\/2026\/04\/27\/una-mujer-resulto-herida-en-otro-siniestro-vial-en-la-ciudad\/","title":{"rendered":"Una mujer result\u00f3 herida en otro siniestro vial en la ciudad"},"content":{"rendered":"\n<p>Fue a pocas cuadras del choque entre dos autos, en Urquiza y Sargento Cabral, entre un auto y una moto. La conductora del veh\u00edculo de menor porte fue trasladada al Hospital.<\/p>\n\n\n\n<hr class=\"wp-block-separator aligncenter has-alpha-channel-opacity\"\/>\n\n\n\n<p>Minutos antes del violento choque entre dos autos en Col\u00f3n y Beruti,<strong> otro siniestro vial ocurri\u00f3 a las pocas cuadras, m\u00e1s precisamente en Urquiza y Sargento Cabral. Una mujer result\u00f3 herida.<\/strong><\/p>\n\n\n\n<figure class=\"wp-block-embed is-type-wp-embed is-provider-central-de-noticias-olavarr-a wp-block-embed-central-de-noticias-olavarr-a\"><div class=\"wp-block-embed__wrapper\">\n<blockquote class=\"wp-embedded-content\" data-secret=\"KIKrjdphOD\"><a href=\"https:\/\/cdnoticias.com\/index.php\/2026\/04\/27\/una-nina-resulto-con-golpes-tras-un-siniestro-vial-en-colon-y-beruti\/\">Una ni\u00f1a result\u00f3 con golpes tras un siniestro vial en Col\u00f3n y Beruti<\/a><\/blockquote><iframe loading=\"lazy\" class=\"wp-embedded-content\" sandbox=\"allow-scripts\" security=\"restricted\" style=\"position: absolute; visibility: hidden;\" title=\"&#8220;Una ni\u00f1a result\u00f3 con golpes tras un siniestro vial en Col\u00f3n y Beruti&#8221; &#8212; Central de Noticias | Olavarr\u00eda\" src=\"https:\/\/cdnoticias.com\/index.php\/2026\/04\/27\/una-nina-resulto-con-golpes-tras-un-siniestro-vial-en-colon-y-beruti\/embed\/#?secret=NrVxHpY4I1#?secret=KIKrjdphOD\" data-secret=\"KIKrjdphOD\" width=\"600\" height=\"338\" frameborder=\"0\" marginwidth=\"0\" marginheight=\"0\" scrolling=\"no\"><\/iframe>\n<\/div><\/figure>\n\n\n\n<p>El hecho se produjo entre un <strong>Fiat Siena y una moto 110cc, por causas que se intentan esclarecer.<\/strong><\/p>\n\n\n\n<p>Por la violencia del impacto,<strong> la mujer que conduc\u00eda la moto debi\u00f3 ser trasladada en una ambulancia al Hospital Municipal con un traumatismo de t\u00f3rax, pero una herida que fue catalogada como \u201cleve\u201d.<\/strong><\/p>\n\n\n\n<p>Intervino personal de Comando de Patrullas para los primeros auxilios y, adem\u00e1s,<strong> reordenar el tr\u00e1nsito en la zona que qued\u00f3 reducido a un solo carril hasta tanto realicen los trabajos de peritaje para determinar lo sucedido.<\/strong><\/p>\n","protected":false},"excerpt":{"rendered":"<p>Fue a pocas cuadras del choque entre dos autos, en Urquiza y Sargento Cabral, entre un auto y una moto.<\/p>\n","protected":false},"author":2,"featured_media":201694,"comment_status":"closed","ping_status":"closed","sticky":false,"template":"","format":"standard","meta":{"_jetpack_memberships_contains_paid_content":false,"footnotes":""},"categories":[14,1],"tags":[],"class_list":["post-201693","post","type-post","status-publish","format-standard","has-post-thumbnail","hentry","category-policiales","category-portada"],"jetpack_featured_media_url":"https:\/\/i0.wp.com\/cdnoticias.com\/wp-content\/uploads\/2026\/04\/siniestrovial-urquiza-cabral.jpg?fit=800%2C445&ssl=1","jetpack_sharing_enabled":true,"_links":{"self":[{"href":"https:\/\/cdnoticias.com\/index.php\/wp-json\/wp\/v2\/posts\/201693","targetHints":{"allow":["GET"]}}],"collection":[{"href":"https:\/\/cdnoticias.com\/index.php\/wp-json\/wp\/v2\/posts"}],"about":[{"href":"https:\/\/cdnoticias.com\/index.php\/wp-json\/wp\/v2\/types\/post"}],"author":[{"embeddable":true,"href":"https:\/\/cdnoticias.com\/index.php\/wp-json\/wp\/v2\/users\/2"}],"replies":[{"embeddable":true,"href":"https:\/\/cdnoticias.com\/index.php\/wp-json\/wp\/v2\/comments?post=201693"}],"version-history":[{"count":1,"href":"https:\/\/cdnoticias.com\/index.php\/wp-json\/wp\/v2\/posts\/201693\/revisions"}],"predecessor-version":[{"id":201695,"href":"https:\/\/cdnoticias.com\/index.php\/wp-json\/wp\/v2\/posts\/201693\/revisions\/201695"}],"wp:featuredmedia":[{"embeddable":true,"href":"https:\/\/cdnoticias.com\/index.php\/wp-json\/wp\/v2\/media\/201694"}],"wp:attachment":[{"href":"https:\/\/cdnoticias.com\/index.php\/wp-json\/wp\/v2\/media?parent=201693"}],"wp:term":[{"taxonomy":"category","embeddable":true,"href":"https:\/\/cdnoticias.com\/index.php\/wp-json\/wp\/v2\/categories?post=201693"},{"taxonomy":"post_tag","embeddable":true,"href":"https:\/\/cdnoticias.com\/index.php\/wp-json\/wp\/v2\/tags?post=201693"}],"curies":[{"name":"wp","href":"https:\/\/api.w.org\/{rel}","templated":true}]}}