{"id":20169,"date":"2021-04-29T12:48:16","date_gmt":"2021-04-29T15:48:16","guid":{"rendered":"http:\/\/www.centraldenoticias.com.ar\/?p=20169"},"modified":"2021-04-29T14:23:06","modified_gmt":"2021-04-29T17:23:06","slug":"el-municipio-anuncio-que-construira-20-viviendas-en-el-pickelado","status":"publish","type":"post","link":"https:\/\/cdnoticias.com\/index.php\/2021\/04\/29\/el-municipio-anuncio-que-construira-20-viviendas-en-el-pickelado\/","title":{"rendered":"El Municipio anunci\u00f3 que construir\u00e1 20 viviendas en el Pickelado"},"content":{"rendered":"<p>Se lanz\u00f3 la licitaci\u00f3n del Plan TUVI con una inversi\u00f3n de 66 millones de pesos. El 21 de mayo se conocer\u00e1n las ofertas. Adelanto de c\u00f3mo se har\u00e1 la adjudicaci\u00f3n.<!--more--><\/p>\n<hr \/>\n<p><strong>La Municipalidad de Olavarr\u00eda anunci\u00f3 la licitaci\u00f3n p\u00fablica para la construcci\u00f3n de 20 viviendas del Plan TUVI en el Barrio Pickelado<\/strong>.<\/p>\n<p>&nbsp;<\/p>\n<p>La <strong>apertura de sobres<\/strong> tendr\u00e1 lugar en el Palacio San Mart\u00edn, <strong>el viernes 21 de mayo<\/strong> a las 10 horas, con un <strong>presupuesto oficial de 66 millones de pesos.<\/strong><\/p>\n<p>&nbsp;<\/p>\n<p>El Plan Tuvi <strong>fue anunciado por el intendente Ezequiel Galli en el a\u00f1o 2019<\/strong> en paralelo a la apertura del <strong>Registro de Demanda Habitacional<\/strong>.<\/p>\n<p>&nbsp;<\/p>\n<p>Desde la Municipalidad se record\u00f3 que \u201cel Registro es una plataforma en la que cada vecino\/a podr\u00e1 generarse un usuario personal y cargar su demanda habitacional, que deber\u00e1 actualizar ante cada novedad relacionada a su situaci\u00f3n personal\u201d.<\/p>\n<p>&nbsp;<\/p>\n<p>En ese marco, se agreg\u00f3 que \u201cla implementaci\u00f3n del Registro permite tener todas las demandas registradas, con la finalidad de obtener informaci\u00f3n s\u00f3lida y permanente en relaci\u00f3n a las necesidades habitacionales del municipio\u201d.<\/p>\n<p>&nbsp;<\/p>\n<blockquote><p>Se inform\u00f3, adem\u00e1s, que luego de la licitaci\u00f3n para la construcci\u00f3n de las 20 viviendas, \u201cse abrir\u00e1 un registro particular para acceder a las mismas\u201d.<\/p><\/blockquote>\n<p>&nbsp;<\/p>\n<p>Se detall\u00f3 sobre ello que<em> \u201cquienes est\u00e9n interesados\/as deber\u00e1n estar inscriptos en el Registro de Demanda Habitacional (con datos actualizados), no poseer vivienda ni terreno, ser residente de la ciudad, conformar un grupo familiar y demostrar capacidad de pago\u201d<\/em>.<\/p>\n","protected":false},"excerpt":{"rendered":"<p>Se lanz\u00f3 la licitaci\u00f3n del Plan TUVI con una inversi\u00f3n de 66 millones de pesos. El 21 de mayo se<\/p>\n","protected":false},"author":4,"featured_media":20170,"comment_status":"closed","ping_status":"closed","sticky":false,"template":"","format":"standard","meta":{"_jetpack_memberships_contains_paid_content":false,"footnotes":""},"categories":[5,1],"tags":[],"class_list":["post-20169","post","type-post","status-publish","format-standard","has-post-thumbnail","hentry","category-informacion-general","category-portada"],"jetpack_featured_media_url":"https:\/\/i0.wp.com\/cdnoticias.com\/wp-content\/uploads\/2021\/04\/viviendas-Pickelado-1024x614.jpg?fit=1024%2C614&ssl=1","jetpack_sharing_enabled":true,"_links":{"self":[{"href":"https:\/\/cdnoticias.com\/index.php\/wp-json\/wp\/v2\/posts\/20169","targetHints":{"allow":["GET"]}}],"collection":[{"href":"https:\/\/cdnoticias.com\/index.php\/wp-json\/wp\/v2\/posts"}],"about":[{"href":"https:\/\/cdnoticias.com\/index.php\/wp-json\/wp\/v2\/types\/post"}],"author":[{"embeddable":true,"href":"https:\/\/cdnoticias.com\/index.php\/wp-json\/wp\/v2\/users\/4"}],"replies":[{"embeddable":true,"href":"https:\/\/cdnoticias.com\/index.php\/wp-json\/wp\/v2\/comments?post=20169"}],"version-history":[{"count":0,"href":"https:\/\/cdnoticias.com\/index.php\/wp-json\/wp\/v2\/posts\/20169\/revisions"}],"wp:featuredmedia":[{"embeddable":true,"href":"https:\/\/cdnoticias.com\/index.php\/wp-json\/wp\/v2\/media\/20170"}],"wp:attachment":[{"href":"https:\/\/cdnoticias.com\/index.php\/wp-json\/wp\/v2\/media?parent=20169"}],"wp:term":[{"taxonomy":"category","embeddable":true,"href":"https:\/\/cdnoticias.com\/index.php\/wp-json\/wp\/v2\/categories?post=20169"},{"taxonomy":"post_tag","embeddable":true,"href":"https:\/\/cdnoticias.com\/index.php\/wp-json\/wp\/v2\/tags?post=20169"}],"curies":[{"name":"wp","href":"https:\/\/api.w.org\/{rel}","templated":true}]}}