{"id":201676,"date":"2026-04-28T08:15:35","date_gmt":"2026-04-28T11:15:35","guid":{"rendered":"https:\/\/cdnoticias.com\/?p=201676"},"modified":"2026-04-28T10:21:08","modified_gmt":"2026-04-28T13:21:08","slug":"continuan-los-trabajos-del-proyecto-clic-verde-del-desecho-al-derecho","status":"publish","type":"post","link":"https:\/\/cdnoticias.com\/index.php\/2026\/04\/28\/continuan-los-trabajos-del-proyecto-clic-verde-del-desecho-al-derecho\/","title":{"rendered":"Contin\u00faan los trabajos del proyecto \u201cClic Verde: del desecho al derecho\u201d"},"content":{"rendered":"\n<p>El pr\u00f3ximo jueves 30 de abril, se continuar\u00e1 con una jornada en la que se promover\u00e1n pr\u00e1cticas formativas.&nbsp;<\/p>\n\n\n\n<hr class=\"wp-block-separator aligncenter has-alpha-channel-opacity\"\/>\n\n\n\n<p>La <strong>primera Campa\u00f1a de Basura Electr\u00f3nica<\/strong> del a\u00f1o, realizada el<strong> pasado 26 de marzo en el CEMO, tuvo como novedad el trabajo en forma conjunta<\/strong> entre las \u00e1reas de Ambiente y el Centro Interdisciplinario de Innovaci\u00f3n Tecnol\u00f3gica (CIIT) de la Secretar\u00eda de Desarrollo Econ\u00f3mico y Productivo del Municipio; la Direcci\u00f3n de Tecnolog\u00eda Educativa (DTE), a trav\u00e9s del equipo territorial de Educaci\u00f3n Digital de Regi\u00f3n 25, la Jefatura Distrital de Educaci\u00f3n de Olavarr\u00eda y la Jefatura Regional.<\/p>\n\n\n\n<p><\/p>\n\n\n\n<p>En este sentido, y enmarcado en el<strong> Proyecto Interinstitucional \u201cClic Verde: del desecho al derecho<\/strong>\u201d, se realiz\u00f3 un t<strong>rabajo de identificaci\u00f3n, clasificaci\u00f3n y selecci\u00f3n de equipos tecnol\u00f3gicos con potencial de reparaci\u00f3n o reutilizaci\u00f3n.\u00a0<\/strong><\/p>\n\n\n\n<p><\/p>\n\n\n\n<blockquote class=\"wp-block-quote is-layout-flow wp-block-quote-is-layout-flow\">\n<p>Participaron estudiantes, acompa\u00f1ados por sus docentes, de la Escuela de Educaci\u00f3n Secundaria N\u00b03,\u00a0 Escuela Profesional Secundaria N\u00b04,\u00a0 Escuela de Educaci\u00f3n Secundaria T\u00e9cnica N\u00b02 y el Centro de Formaci\u00f3n Profesional N\u00b0401.\u00a0\u00a0<\/p>\n<\/blockquote>\n\n\n\n<p><\/p>\n\n\n\n<p>Como continuaci\u00f3n de esta iniciativa, <strong>el pasado viernes 24 de abril se llev\u00f3 a cabo el inicio de las pr\u00e1cticas profesionalizantes con estudiantes <\/strong>de la Escuela de Educaci\u00f3n Secundaria T\u00e9cnica N\u00b0 1 \u201cDr. Rene Favaloro\u201d y Escuela de Educaci\u00f3n T\u00e9cnica N\u00ba 2, lo que signific\u00f3 una <strong>nueva instancia<\/strong> en la que se desarrollan habilidades t\u00e9cnicas con estudiantes en <strong>pr\u00e1cticas de reparaci\u00f3n, refuncionalizaci\u00f3n y reciclaje que permiten extender la vida \u00fatil de los dispositivos tecnol\u00f3gico<\/strong>s, adem\u00e1s de favorecer la <strong>reutilizaci\u00f3n de componentes y su reingreso al circuito productivo y educativo.<\/strong><\/p>\n\n\n\n<p><\/p>\n\n\n\n<figure class=\"wp-block-image aligncenter size-full\"><img data-recalc-dims=\"1\" loading=\"lazy\" decoding=\"async\" width=\"800\" height=\"450\" src=\"https:\/\/i0.wp.com\/cdnoticias.com\/wp-content\/uploads\/2026\/04\/clicverde4.jpg?resize=800%2C450&#038;ssl=1\" alt=\"\" class=\"wp-image-201677\" srcset=\"https:\/\/i0.wp.com\/cdnoticias.com\/wp-content\/uploads\/2026\/04\/clicverde4.jpg?w=900&amp;ssl=1 900w, https:\/\/i0.wp.com\/cdnoticias.com\/wp-content\/uploads\/2026\/04\/clicverde4.jpg?resize=300%2C169&amp;ssl=1 300w, https:\/\/i0.wp.com\/cdnoticias.com\/wp-content\/uploads\/2026\/04\/clicverde4.jpg?resize=768%2C432&amp;ssl=1 768w\" sizes=\"auto, (max-width: 800px) 100vw, 800px\" \/><\/figure>\n\n\n\n<p><\/p>\n\n\n\n<p>Esta nueva iniciativa tiene como objetivo<strong> transformar la problem\u00e1tica de los Residuos de Aparatos Electr\u00f3nicos y El\u00e9ctricos (RAEE)<\/strong> en una oportunidad educativa significativa, a trav\u00e9s de una campa\u00f1a territorial e interinstitucional que articula ambiente, tecnolog\u00eda y a la comunidad del partido de Olavarr\u00eda.\u00a0<\/p>\n\n\n\n<p><\/p>\n\n\n\n<p>Cabe aclarar que<strong> esta instancia funciona como un paso intermedio entre la recepci\u00f3n del material y su traslado al Complejo Penitenciario de la localidad de Sierra Chica<\/strong>, mediante el Programa DRTD (Disposici\u00f3n y Reutilizaci\u00f3n de Tecnolog\u00edas en Desuso) del Ministerio de Justicia de la Provincia, en donde <strong>se realiza el tratamiento del material que no pueda ser recuperado y queda como descarte.\u00a0<\/strong><\/p>\n\n\n\n<p><\/p>\n\n\n\n<p>El pr\u00f3ximo j<strong>ueves 30 de abril<\/strong>, se<strong> continuar\u00e1 con una jornada en la que se promover\u00e1n pr\u00e1cticas formativas <\/strong>mediante el encuentro con estudiantes del Centro de Formaci\u00f3n Profesional N\u00b0 401, Escuela de Educaci\u00f3n Secundaria N\u00b03 y Escuela Profesional Secundaria N\u00b04.\u00a0<\/p>\n\n\n\n<p><\/p>\n\n\n\n<p><\/p>\n\n\n\n<figure class=\"wp-block-image aligncenter size-full\"><img data-recalc-dims=\"1\" loading=\"lazy\" decoding=\"async\" width=\"800\" height=\"538\" src=\"https:\/\/i0.wp.com\/cdnoticias.com\/wp-content\/uploads\/2026\/04\/clicverde2.jpg?resize=800%2C538&#038;ssl=1\" alt=\"\" class=\"wp-image-201678\" srcset=\"https:\/\/i0.wp.com\/cdnoticias.com\/wp-content\/uploads\/2026\/04\/clicverde2.jpg?w=848&amp;ssl=1 848w, https:\/\/i0.wp.com\/cdnoticias.com\/wp-content\/uploads\/2026\/04\/clicverde2.jpg?resize=300%2C202&amp;ssl=1 300w, https:\/\/i0.wp.com\/cdnoticias.com\/wp-content\/uploads\/2026\/04\/clicverde2.jpg?resize=768%2C516&amp;ssl=1 768w, https:\/\/i0.wp.com\/cdnoticias.com\/wp-content\/uploads\/2026\/04\/clicverde2.jpg?resize=272%2C182&amp;ssl=1 272w\" sizes=\"auto, (max-width: 800px) 100vw, 800px\" \/><\/figure>\n\n\n\n<p><\/p>\n\n\n\n<blockquote class=\"wp-block-quote is-layout-flow wp-block-quote-is-layout-flow\">\n<p>El enfoque de la propuesta busca transformar los desechos en recursos, integrando a las escuelas en pol\u00edticas p\u00fablicas locales y provinciales de gesti\u00f3n sustentable de residuos tecnol\u00f3gicos.<\/p>\n<\/blockquote>\n\n\n\n<p><\/p>\n\n\n\n<p>De este modo, <strong>el Proyecto Interinstitucional \u201cClic Verde: del desecho al derecho\u201d constituye una propuesta innovadora<\/strong> que conjuga educaci\u00f3n ambiental integral, inclusi\u00f3n digital, gesti\u00f3n responsable de residuos y participaci\u00f3n comunitaria siendo \u00e9sta, la s\u00edntesis de una pol\u00edtica p\u00fablica educativa, ambiental y tecnol\u00f3gica que apuesta por el trabajo colaborativo, el protagonismo de las juventudes, la transformaci\u00f3n cultural del consumo y el uso responsable de los recursos.<\/p>\n\n\n\n<p><\/p>\n","protected":false},"excerpt":{"rendered":"<p>El pr\u00f3ximo jueves 30 de abril, se continuar\u00e1 con una jornada en la que se promover\u00e1n pr\u00e1cticas formativas.&nbsp; La primera<\/p>\n","protected":false},"author":6,"featured_media":201679,"comment_status":"closed","ping_status":"closed","sticky":false,"template":"","format":"standard","meta":{"_jetpack_memberships_contains_paid_content":false,"footnotes":""},"categories":[5,1],"tags":[],"class_list":["post-201676","post","type-post","status-publish","format-standard","has-post-thumbnail","hentry","category-informacion-general","category-portada"],"jetpack_featured_media_url":"https:\/\/i0.wp.com\/cdnoticias.com\/wp-content\/uploads\/2026\/04\/clicverde1.png?fit=886%2C542&ssl=1","jetpack_sharing_enabled":true,"_links":{"self":[{"href":"https:\/\/cdnoticias.com\/index.php\/wp-json\/wp\/v2\/posts\/201676","targetHints":{"allow":["GET"]}}],"collection":[{"href":"https:\/\/cdnoticias.com\/index.php\/wp-json\/wp\/v2\/posts"}],"about":[{"href":"https:\/\/cdnoticias.com\/index.php\/wp-json\/wp\/v2\/types\/post"}],"author":[{"embeddable":true,"href":"https:\/\/cdnoticias.com\/index.php\/wp-json\/wp\/v2\/users\/6"}],"replies":[{"embeddable":true,"href":"https:\/\/cdnoticias.com\/index.php\/wp-json\/wp\/v2\/comments?post=201676"}],"version-history":[{"count":1,"href":"https:\/\/cdnoticias.com\/index.php\/wp-json\/wp\/v2\/posts\/201676\/revisions"}],"predecessor-version":[{"id":201704,"href":"https:\/\/cdnoticias.com\/index.php\/wp-json\/wp\/v2\/posts\/201676\/revisions\/201704"}],"wp:featuredmedia":[{"embeddable":true,"href":"https:\/\/cdnoticias.com\/index.php\/wp-json\/wp\/v2\/media\/201679"}],"wp:attachment":[{"href":"https:\/\/cdnoticias.com\/index.php\/wp-json\/wp\/v2\/media?parent=201676"}],"wp:term":[{"taxonomy":"category","embeddable":true,"href":"https:\/\/cdnoticias.com\/index.php\/wp-json\/wp\/v2\/categories?post=201676"},{"taxonomy":"post_tag","embeddable":true,"href":"https:\/\/cdnoticias.com\/index.php\/wp-json\/wp\/v2\/tags?post=201676"}],"curies":[{"name":"wp","href":"https:\/\/api.w.org\/{rel}","templated":true}]}}