{"id":201672,"date":"2026-04-29T17:01:28","date_gmt":"2026-04-29T20:01:28","guid":{"rendered":"https:\/\/cdnoticias.com\/?p=201672"},"modified":"2026-04-29T17:01:30","modified_gmt":"2026-04-29T20:01:30","slug":"en-los-proximos-dias-iniciara-la-depuracion-de-historias-clinicas","status":"publish","type":"post","link":"https:\/\/cdnoticias.com\/index.php\/2026\/04\/29\/en-los-proximos-dias-iniciara-la-depuracion-de-historias-clinicas\/","title":{"rendered":"En los pr\u00f3ximos d\u00edas iniciar\u00e1 la depuraci\u00f3n de historias cl\u00ednicas"},"content":{"rendered":"\n<p>En tal sentido, se reitera a los familiares y\/o derechohabientes de dichos titulares que podr\u00e1n ejercer los derechos que les asisten en relaci\u00f3n con el acceso, retiro o conservaci\u00f3n de la documentaci\u00f3n cl\u00ednica correspondiente.<\/p>\n\n\n\n<hr class=\"wp-block-separator aligncenter has-alpha-channel-opacity\"\/>\n\n\n\n<p>La Municipalidad de Olavarr\u00eda, en el marco de las facultades conferidas por la Ley Nacional N\u00b0 26.529, sus modificatorias, y el Decreto Reglamentario N\u00b0 1089\/2012, record\u00f3 que <strong>se ha iniciado el procedimiento de depuraci\u00f3n de las Historias Cl\u00ednicas correspondientes a pacientes fallecidos entre los a\u00f1os 1994 y 2015<\/strong>, conforme lo dispuesto en el Decreto N\u00b0 4361\/25.<\/p>\n\n\n\n<p><\/p>\n\n\n\n<blockquote class=\"wp-block-quote is-layout-flow wp-block-quote-is-layout-flow\">\n<p>En tal sentido, se reitera a los familiares y\/o derechohabientes de dichos titulares que podr\u00e1n ejercer los derechos que les asisten en relaci\u00f3n con el acceso, retiro o conservaci\u00f3n de la documentaci\u00f3n cl\u00ednica correspondiente.<\/p>\n<\/blockquote>\n\n\n\n<p><\/p>\n\n\n\n<p>Para ello<strong>, deber\u00e1n completar el formulario online<\/strong> al que se accede haciendo <a href=\"https:\/\/docs.google.com\/forms\/d\/e\/1FAIpQLSegv5mCfsnpzJcHn2cIXJaKy5BqWWBa2MF7c7kFSZ6Wh4WoUQ\/viewform?fbzx=6578976579712958097\" target=\"_blank\" rel=\"noreferrer noopener\"><strong>click aqu\u00ed<\/strong><\/a>, para <strong>coordinar el retiro de la documentaci\u00f3n requerida por el Archivo Central de Historias Cl\u00ednicas del Hospital Municipal Doctor H\u00e9ctor Cura.<\/strong> El listado puede ser consultado o descargado <a href=\"https:\/\/www.olavarria.gov.ar\/wp-content\/uploads\/2026\/02\/LISTADO.pdf\" target=\"_blank\" rel=\"noreferrer noopener\"><strong>aqu\u00ed<\/strong><\/a>. Permanecer\u00e1 disponible en el apartado de \u201cDocumentos P\u00fablicos\u201d del sitio web del Municipio.<\/p>\n\n\n\n<p><\/p>\n\n\n\n<p>Se recuerda, a la par, que el pasado 4 de febrero del corriente a\u00f1o se dio inicio a un plazo de 90 d\u00edas corridos para la realizaci\u00f3n del mencionado tr\u00e1mite.<strong> Vencido dicho plazo, y no habi\u00e9ndose registrado presentaciones u oposiciones fundadas, se proceder\u00e1 a la depuraci\u00f3n definitiva de las historias cl\u00ednicas involucradas<\/strong>, sin que ello implique vulneraci\u00f3n de derechos adquiridos.<\/p>\n\n\n\n<p><\/p>\n","protected":false},"excerpt":{"rendered":"<p>En tal sentido, se reitera a los familiares y\/o derechohabientes de dichos titulares que podr\u00e1n ejercer los derechos que les<\/p>\n","protected":false},"author":6,"featured_media":177068,"comment_status":"closed","ping_status":"closed","sticky":false,"template":"","format":"standard","meta":{"_jetpack_memberships_contains_paid_content":false,"footnotes":""},"categories":[5,1],"tags":[],"class_list":["post-201672","post","type-post","status-publish","format-standard","has-post-thumbnail","hentry","category-informacion-general","category-portada"],"jetpack_featured_media_url":"https:\/\/i0.wp.com\/cdnoticias.com\/wp-content\/uploads\/2025\/07\/hospital-municipal-frente-00.jpg?fit=1000%2C556&ssl=1","jetpack_sharing_enabled":true,"_links":{"self":[{"href":"https:\/\/cdnoticias.com\/index.php\/wp-json\/wp\/v2\/posts\/201672","targetHints":{"allow":["GET"]}}],"collection":[{"href":"https:\/\/cdnoticias.com\/index.php\/wp-json\/wp\/v2\/posts"}],"about":[{"href":"https:\/\/cdnoticias.com\/index.php\/wp-json\/wp\/v2\/types\/post"}],"author":[{"embeddable":true,"href":"https:\/\/cdnoticias.com\/index.php\/wp-json\/wp\/v2\/users\/6"}],"replies":[{"embeddable":true,"href":"https:\/\/cdnoticias.com\/index.php\/wp-json\/wp\/v2\/comments?post=201672"}],"version-history":[{"count":0,"href":"https:\/\/cdnoticias.com\/index.php\/wp-json\/wp\/v2\/posts\/201672\/revisions"}],"wp:featuredmedia":[{"embeddable":true,"href":"https:\/\/cdnoticias.com\/index.php\/wp-json\/wp\/v2\/media\/177068"}],"wp:attachment":[{"href":"https:\/\/cdnoticias.com\/index.php\/wp-json\/wp\/v2\/media?parent=201672"}],"wp:term":[{"taxonomy":"category","embeddable":true,"href":"https:\/\/cdnoticias.com\/index.php\/wp-json\/wp\/v2\/categories?post=201672"},{"taxonomy":"post_tag","embeddable":true,"href":"https:\/\/cdnoticias.com\/index.php\/wp-json\/wp\/v2\/tags?post=201672"}],"curies":[{"name":"wp","href":"https:\/\/api.w.org\/{rel}","templated":true}]}}