{"id":201669,"date":"2026-04-27T17:30:05","date_gmt":"2026-04-27T20:30:05","guid":{"rendered":"https:\/\/cdnoticias.com\/?p=201669"},"modified":"2026-04-27T17:30:07","modified_gmt":"2026-04-27T20:30:07","slug":"este-martes-corte-en-la-circulacion-sobre-brown-y-avenida-de-los-trabajadores","status":"publish","type":"post","link":"https:\/\/cdnoticias.com\/index.php\/2026\/04\/27\/este-martes-corte-en-la-circulacion-sobre-brown-y-avenida-de-los-trabajadores\/","title":{"rendered":"Este martes, corte en la circulaci\u00f3n sobre Brown y avenida De los Trabajadores"},"content":{"rendered":"\n<p>La medida se llevar\u00e1 a cabo para permitir el normal y seguro desarrollo de trabajos desde la Secretar\u00eda de Obras, Infraestructura y Servicios P\u00fablicos.<\/p>\n\n\n\n<hr class=\"wp-block-separator aligncenter has-alpha-channel-opacity\"\/>\n\n\n\n<p>En la<strong> ma\u00f1ana de este martes<\/strong> se llevar\u00e1 a cabo un <strong>corte en la circulaci\u00f3n vehicular sobre la calle Almirante Brown, <\/strong>a la altura de la<strong> intersecci\u00f3n con avenida De los Trabajadores.\u00a0<\/strong><\/p>\n\n\n\n<p><\/p>\n\n\n\n<blockquote class=\"wp-block-quote is-layout-flow wp-block-quote-is-layout-flow\">\n<p>La medida se llevar\u00e1 a cabo para permitir el normal y seguro desarrollo de trabajos desde la Secretar\u00eda de Obras, Infraestructura y Servicios P\u00fablicos.<\/p>\n<\/blockquote>\n\n\n\n<p><\/p>\n\n\n\n<p>De acuerdo con lo que se detall\u00f3, <strong>la interrupci\u00f3n al tr\u00e1nsito ser\u00e1 desde las 7:30 horas,<\/strong> para impedir el acceso de autom\u00f3viles a la<strong> calle Almirante Brown, en el tramo comprendido entre avenida De los Trabajadores y Merlo.\u00a0<\/strong><\/p>\n\n\n\n<p><\/p>\n\n\n\n<blockquote class=\"wp-block-quote is-layout-flow wp-block-quote-is-layout-flow\">\n<p>Se explic\u00f3 que por ese sector se dar\u00e1 tanto el ingreso como egreso de maquinaria pesada y camiones para la carga de materiales, que realizar\u00e1n diversas labores en la zona lindera al puente de avenida De Los Trabajadores.<\/p>\n<\/blockquote>\n\n\n\n<p><\/p>\n\n\n\n<p>El corte ser\u00e1 llevado a cabo por personal de la <strong>Secretar\u00eda de Protecci\u00f3n Ciudadana<\/strong>, desde donde se a\u00f1adi\u00f3 que las tareas en el lugar <strong>se prolongar\u00e1n aproximadamente hasta las 14 horas.<\/strong><\/p>\n\n\n\n<p><\/p>\n","protected":false},"excerpt":{"rendered":"<p>La medida se llevar\u00e1 a cabo para permitir el normal y seguro desarrollo de trabajos desde la Secretar\u00eda de Obras,<\/p>\n","protected":false},"author":6,"featured_media":54564,"comment_status":"closed","ping_status":"closed","sticky":false,"template":"","format":"standard","meta":{"_jetpack_memberships_contains_paid_content":false,"footnotes":""},"categories":[5,1],"tags":[],"class_list":["post-201669","post","type-post","status-publish","format-standard","has-post-thumbnail","hentry","category-informacion-general","category-portada"],"jetpack_featured_media_url":"https:\/\/i0.wp.com\/cdnoticias.com\/wp-content\/uploads\/2022\/05\/control-urbano-transito3.jpg?fit=1600%2C960&ssl=1","jetpack_sharing_enabled":true,"_links":{"self":[{"href":"https:\/\/cdnoticias.com\/index.php\/wp-json\/wp\/v2\/posts\/201669","targetHints":{"allow":["GET"]}}],"collection":[{"href":"https:\/\/cdnoticias.com\/index.php\/wp-json\/wp\/v2\/posts"}],"about":[{"href":"https:\/\/cdnoticias.com\/index.php\/wp-json\/wp\/v2\/types\/post"}],"author":[{"embeddable":true,"href":"https:\/\/cdnoticias.com\/index.php\/wp-json\/wp\/v2\/users\/6"}],"replies":[{"embeddable":true,"href":"https:\/\/cdnoticias.com\/index.php\/wp-json\/wp\/v2\/comments?post=201669"}],"version-history":[{"count":0,"href":"https:\/\/cdnoticias.com\/index.php\/wp-json\/wp\/v2\/posts\/201669\/revisions"}],"wp:featuredmedia":[{"embeddable":true,"href":"https:\/\/cdnoticias.com\/index.php\/wp-json\/wp\/v2\/media\/54564"}],"wp:attachment":[{"href":"https:\/\/cdnoticias.com\/index.php\/wp-json\/wp\/v2\/media?parent=201669"}],"wp:term":[{"taxonomy":"category","embeddable":true,"href":"https:\/\/cdnoticias.com\/index.php\/wp-json\/wp\/v2\/categories?post=201669"},{"taxonomy":"post_tag","embeddable":true,"href":"https:\/\/cdnoticias.com\/index.php\/wp-json\/wp\/v2\/tags?post=201669"}],"curies":[{"name":"wp","href":"https:\/\/api.w.org\/{rel}","templated":true}]}}