{"id":201667,"date":"2026-04-27T17:50:14","date_gmt":"2026-04-27T20:50:14","guid":{"rendered":"https:\/\/cdnoticias.com\/?p=201667"},"modified":"2026-04-27T17:50:16","modified_gmt":"2026-04-27T20:50:16","slug":"desde-este-lunes-universidades-con-semana-de-paro-clases-parciales-y-un-futuro-incierto","status":"publish","type":"post","link":"https:\/\/cdnoticias.com\/index.php\/2026\/04\/27\/desde-este-lunes-universidades-con-semana-de-paro-clases-parciales-y-un-futuro-incierto\/","title":{"rendered":"Desde este lunes, universidades con semana de paro, clases parciales y un futuro incierto"},"content":{"rendered":"\n<p>Se desarrolla una medida de fuerza que impactar\u00e1 en varias facultades y que continuar\u00e1 hasta el s\u00e1bado 2 de mayo.&nbsp;<\/p>\n\n\n\n<hr class=\"wp-block-separator aligncenter has-alpha-channel-opacity\"\/>\n\n\n\n<p>La <strong>comunidad universitaria, <\/strong>integrada por docentes, no docentes y estudiantes, <strong>atravesar\u00e1 desde este lunes otra semana de paro que impactar\u00e1 en el dictado de clases y complicar\u00e1 a\u00fan m\u00e1s el desarrollo del primer cuatrimestre en las principales casas de estudio del pa\u00eds.<\/strong><\/p>\n\n\n\n<p><\/p>\n\n\n\n<blockquote class=\"wp-block-quote is-layout-flow wp-block-quote-is-layout-flow\">\n<p>Esto sucede mientras el Gobierno de Javier Milei present\u00f3 un recurso extraordinario ante la Corte Suprema contra el fallo que le obliga a transferirle $2.5 billones a las facultades y avanza con un nuevo proyecto de financiamiento.<\/p>\n<\/blockquote>\n\n\n\n<p><\/p>\n\n\n\n<p>Los gremios universitarios realizan<strong> entre este lunes 27 de abril y el s\u00e1bado 2 de mayo una medida de fuerza<\/strong> que no s\u00f3lo afectar\u00e1 el dictado de clases en diferentes facultades sino que tambi\u00e9n en colegios secundarios que dependen de estas altas casas de estudios.\u00a0<\/p>\n\n\n\n<p><\/p>\n\n\n\n<blockquote class=\"wp-block-quote is-layout-flow wp-block-quote-is-layout-flow\">\n<p>El plan de lucha del sector ya suma unas 15 jornadas de paro docente y 10 d\u00edas del sector no docente, en un reclamo que suma lo salarial y la aplicaci\u00f3n de la Ley de Financiamiento Universitario.<\/p>\n<\/blockquote>\n\n\n\n<p><\/p>\n\n\n\n<p><strong><em>\u201cLa docencia de las universidades necesita un 55% de aumento para recuperar los salarios que ten\u00edamos en noviembre de 2023. La garant\u00eda salarial lleva congelada m\u00e1s de un a\u00f1o y una enorme cantidad de docentes contin\u00faa cobrando 250.000 pesos<\/em><\/strong>\u201d, indicaron desde Conadu, una de las federaciones nacionales mayoritarias junto a Conadu Hist\u00f3rica.<\/p>\n\n\n\n<p><\/p>\n\n\n\n<p>Mientras tanto, el sector universitario<strong> defini\u00f3 la fecha de la marcha nacional educativa que se realizar\u00e1 el martes 12 de mayo en la Plaza de Mayo,<\/strong> bajo el lema &#8220;<strong>Por la educaci\u00f3n, la universidad p\u00fablica y la ciencia nacional&#8221;.\u00a0<\/strong><\/p>\n\n\n\n<p><\/p>\n\n\n\n<p>Las acciones que buscan la implementaci\u00f3n de la Ley de Financiamiento incluyen tambi\u00e9n \u201c<strong>Carpas por la Universidad y la Soberan\u00eda\u201d<\/strong>, retomando la hist\u00f3rica carpa blanca de fines de la d\u00e9cada del &#8217;90, con la <strong>consigna \u201cMilei, cumpl\u00ed la ley\u201d.<\/strong><\/p>\n\n\n\n<p><\/p>\n\n\n\n<p><em>Fuente: DIB<\/em><\/p>\n","protected":false},"excerpt":{"rendered":"<p>Se desarrolla una medida de fuerza que impactar\u00e1 en varias facultades y que continuar\u00e1 hasta el s\u00e1bado 2 de mayo.&nbsp;<\/p>\n","protected":false},"author":6,"featured_media":167672,"comment_status":"closed","ping_status":"closed","sticky":false,"template":"","format":"standard","meta":{"_jetpack_memberships_contains_paid_content":false,"footnotes":""},"categories":[5,1],"tags":[],"class_list":["post-201667","post","type-post","status-publish","format-standard","has-post-thumbnail","hentry","category-informacion-general","category-portada"],"jetpack_featured_media_url":"https:\/\/i0.wp.com\/cdnoticias.com\/wp-content\/uploads\/2025\/03\/campus-unicen-02-facso.jpg?fit=1000%2C557&ssl=1","jetpack_sharing_enabled":true,"_links":{"self":[{"href":"https:\/\/cdnoticias.com\/index.php\/wp-json\/wp\/v2\/posts\/201667","targetHints":{"allow":["GET"]}}],"collection":[{"href":"https:\/\/cdnoticias.com\/index.php\/wp-json\/wp\/v2\/posts"}],"about":[{"href":"https:\/\/cdnoticias.com\/index.php\/wp-json\/wp\/v2\/types\/post"}],"author":[{"embeddable":true,"href":"https:\/\/cdnoticias.com\/index.php\/wp-json\/wp\/v2\/users\/6"}],"replies":[{"embeddable":true,"href":"https:\/\/cdnoticias.com\/index.php\/wp-json\/wp\/v2\/comments?post=201667"}],"version-history":[{"count":0,"href":"https:\/\/cdnoticias.com\/index.php\/wp-json\/wp\/v2\/posts\/201667\/revisions"}],"wp:featuredmedia":[{"embeddable":true,"href":"https:\/\/cdnoticias.com\/index.php\/wp-json\/wp\/v2\/media\/167672"}],"wp:attachment":[{"href":"https:\/\/cdnoticias.com\/index.php\/wp-json\/wp\/v2\/media?parent=201667"}],"wp:term":[{"taxonomy":"category","embeddable":true,"href":"https:\/\/cdnoticias.com\/index.php\/wp-json\/wp\/v2\/categories?post=201667"},{"taxonomy":"post_tag","embeddable":true,"href":"https:\/\/cdnoticias.com\/index.php\/wp-json\/wp\/v2\/tags?post=201667"}],"curies":[{"name":"wp","href":"https:\/\/api.w.org\/{rel}","templated":true}]}}