{"id":201642,"date":"2026-04-27T16:30:26","date_gmt":"2026-04-27T19:30:26","guid":{"rendered":"https:\/\/cdnoticias.com\/?p=201642"},"modified":"2026-04-27T18:20:38","modified_gmt":"2026-04-27T21:20:38","slug":"ecosachet-una-campana-para-reutilizar-residuos-desde-el-colegio-san-antonio","status":"publish","type":"post","link":"https:\/\/cdnoticias.com\/index.php\/2026\/04\/27\/ecosachet-una-campana-para-reutilizar-residuos-desde-el-colegio-san-antonio\/","title":{"rendered":"\u201cEcosachet\u201d: una campa\u00f1a para reutilizar residuos desde el Colegio San Antonio"},"content":{"rendered":"<p>La iniciativa, que lleva m\u00e1s de dos a\u00f1os, invita a la comunidad de Olavarr\u00eda a sumarse a la reutilizaci\u00f3n de sachets y a trav\u00e9s de una web informan c\u00f3mo participar.<\/p>\n\n\n<hr class=\"wp-block-separator has-alpha-channel-opacity\"\/>\n\n\n\n<!--more-->\n\n\n\n<p>El <strong>proyecto \u201cEcosachet\u201d<\/strong>, impulsado por <strong>docentes y alumnos de 6\u00b0 a\u00f1o de la Escuela Primaria del Colegio San Antonio de Padua<\/strong>, sigue en ascenso y busca <strong>ampliar su alcance <\/strong>con el acompa\u00f1amiento de la comunidad.<\/p>\n\n\n\n<blockquote class=\"wp-block-quote is-layout-flow wp-block-quote-is-layout-flow\">\n<p>La propuesta tiene como eje la reutilizaci\u00f3n de sachets \u2014principalmente de leche y otros productos\u2014 para transformarlos en nuevos objetos \u00fatiles, promoviendo as\u00ed una alternativa sustentable frente a la generaci\u00f3n de residuos. <a href=\"https:\/\/ecosachet---reutilizar-para-no-contaminar.webnode.page\/\" target=\"_blank\" rel=\"noreferrer noopener\">Tiene una web propia que est\u00e1 disponible en este link<\/a>.<\/p>\n<\/blockquote>\n\n\n\n<p><br>Desde el espacio educativo destacaron que el <strong>objetivo central es \u201cgenerar conciencia ambiental y compromiso colectivo\u201d<\/strong>, a partir de acciones concretas que puedan replicarse en los hogares y distintos \u00e1mbitos de la ciudad.<\/p>\n\n\n\n<p><\/p>\n\n\n\n<figure class=\"wp-block-image size-full\"><img data-recalc-dims=\"1\" loading=\"lazy\" decoding=\"async\" width=\"800\" height=\"445\" src=\"https:\/\/i0.wp.com\/cdnoticias.com\/wp-content\/uploads\/2026\/04\/ecosachet-00.jpg?resize=800%2C445&#038;ssl=1\" alt=\"\" class=\"wp-image-201645\" srcset=\"https:\/\/i0.wp.com\/cdnoticias.com\/wp-content\/uploads\/2026\/04\/ecosachet-00.jpg?w=1000&amp;ssl=1 1000w, https:\/\/i0.wp.com\/cdnoticias.com\/wp-content\/uploads\/2026\/04\/ecosachet-00.jpg?resize=300%2C167&amp;ssl=1 300w, https:\/\/i0.wp.com\/cdnoticias.com\/wp-content\/uploads\/2026\/04\/ecosachet-00.jpg?resize=768%2C427&amp;ssl=1 768w, https:\/\/i0.wp.com\/cdnoticias.com\/wp-content\/uploads\/2026\/04\/ecosachet-00.jpg?resize=800%2C445&amp;ssl=1 800w\" sizes=\"auto, (max-width: 800px) 100vw, 800px\" \/><\/figure>\n\n\n\n<p><\/p>\n\n\n\n<p>El proyecto, que <strong>ya lleva m\u00e1s de dos a\u00f1os de desarrollo<\/strong>, incluye adem\u00e1s instancias de difusi\u00f3n, recursos educativos y charlas abiertas para quienes deseen conocer m\u00e1s sobre el<strong> proceso de reutilizaci\u00f3n y las posibilidades que ofrece este tipo de material<\/strong>.<\/p>\n\n\n\n<p><\/p>\n\n\n\n<p>En ese sentido, <strong>invitaron a toda la comunidad a sumarse al Movimiento Ecosachet<\/strong>, ya sea participando activamente, difundiendo la iniciativa o incorporando pr\u00e1cticas sustentables en la vida cotidiana.<\/p>\n\n\n\n<p><\/p>\n\n\n\n<p><em>\u201cGracias al acompa\u00f1amiento de los medios de comunicaci\u00f3n, estas ideas pueden crecer y generar un impacto positivo en toda la comunidad\u201d<\/em> expresaron desde la instituci\u00f3n.<\/p>\n\n\n\n<p><\/p>\n\n\n\n<p>La propuesta contin\u00faa<strong> abierta a nuevos participantes<\/strong>, con el objetivo de seguir construyendo, entre todos, una ciudad m\u00e1s consciente y comprometida con el cuidado del ambiente.<\/p>\n\n\n\n<p><\/p>\n","protected":false},"excerpt":{"rendered":"<p>La iniciativa, que lleva m\u00e1s de dos a\u00f1os, invita a la comunidad de Olavarr\u00eda a sumarse a la reutilizaci\u00f3n de<\/p>\n","protected":false},"author":4,"featured_media":201646,"comment_status":"closed","ping_status":"closed","sticky":false,"template":"","format":"standard","meta":{"_jetpack_memberships_contains_paid_content":false,"footnotes":""},"categories":[5,1],"tags":[],"class_list":["post-201642","post","type-post","status-publish","format-standard","has-post-thumbnail","hentry","category-informacion-general","category-portada"],"jetpack_featured_media_url":"https:\/\/i0.wp.com\/cdnoticias.com\/wp-content\/uploads\/2026\/04\/ecosachet-01.jpg?fit=1000%2C556&ssl=1","jetpack_sharing_enabled":true,"_links":{"self":[{"href":"https:\/\/cdnoticias.com\/index.php\/wp-json\/wp\/v2\/posts\/201642","targetHints":{"allow":["GET"]}}],"collection":[{"href":"https:\/\/cdnoticias.com\/index.php\/wp-json\/wp\/v2\/posts"}],"about":[{"href":"https:\/\/cdnoticias.com\/index.php\/wp-json\/wp\/v2\/types\/post"}],"author":[{"embeddable":true,"href":"https:\/\/cdnoticias.com\/index.php\/wp-json\/wp\/v2\/users\/4"}],"replies":[{"embeddable":true,"href":"https:\/\/cdnoticias.com\/index.php\/wp-json\/wp\/v2\/comments?post=201642"}],"version-history":[{"count":1,"href":"https:\/\/cdnoticias.com\/index.php\/wp-json\/wp\/v2\/posts\/201642\/revisions"}],"predecessor-version":[{"id":201683,"href":"https:\/\/cdnoticias.com\/index.php\/wp-json\/wp\/v2\/posts\/201642\/revisions\/201683"}],"wp:featuredmedia":[{"embeddable":true,"href":"https:\/\/cdnoticias.com\/index.php\/wp-json\/wp\/v2\/media\/201646"}],"wp:attachment":[{"href":"https:\/\/cdnoticias.com\/index.php\/wp-json\/wp\/v2\/media?parent=201642"}],"wp:term":[{"taxonomy":"category","embeddable":true,"href":"https:\/\/cdnoticias.com\/index.php\/wp-json\/wp\/v2\/categories?post=201642"},{"taxonomy":"post_tag","embeddable":true,"href":"https:\/\/cdnoticias.com\/index.php\/wp-json\/wp\/v2\/tags?post=201642"}],"curies":[{"name":"wp","href":"https:\/\/api.w.org\/{rel}","templated":true}]}}