{"id":20164,"date":"2021-04-29T10:31:02","date_gmt":"2021-04-29T13:31:02","guid":{"rendered":"http:\/\/www.centraldenoticias.com.ar\/?p=20164"},"modified":"2021-04-29T10:31:02","modified_gmt":"2021-04-29T13:31:02","slug":"amplio-despliegue-para-rescatar-a-un-hombre-del-arroyo","status":"publish","type":"post","link":"https:\/\/cdnoticias.com\/index.php\/2021\/04\/29\/amplio-despliegue-para-rescatar-a-un-hombre-del-arroyo\/","title":{"rendered":"Amplio despliegue para rescatar a un hombre del arroyo"},"content":{"rendered":"<p>Ocurri\u00f3 en la madrugada de este jueves. Un hombre hab\u00eda quedado atrapado en las compuertas y fue rescatado por Bomberos.<!--more--><\/p>\n<hr \/>\n<p><strong>Hacia las 3.50 de este jueves una dotaci\u00f3n de Bomberos fue convocada al arroyo<\/strong>, a la altura de calle Hornos, para rescatar a una persona.<\/p>\n<p>&nbsp;<\/p>\n<blockquote><p>Se trataba de un hombre que se encontraba atrapado, en el agua, por las compuertas. Seg\u00fan se indic\u00f3, hab\u00eda sido arrastrado hasta all\u00ed por la corriente.<\/p><\/blockquote>\n<p>&nbsp;<\/p>\n<p>La <strong>Unidad 7 a cargo del oficial Del R\u00edo<\/strong> se dirigi\u00f3 al lugar donde <strong>ya estaba personal policial<\/strong>. El trabajo consisti\u00f3 en el <strong>descenso con cuerdas hasta el agua<\/strong> para poder rescatar al hombre y luego <strong>subirlo hasta el puente<\/strong> donde fue sujetado por m\u00e1s voluntarios.<\/p>\n<p>&nbsp;<\/p>\n<p>Las tareas se extendieron hasta aproximadamente las 4.20. Se destac\u00f3 que tras el rescate, <strong>el hombre fue trasladado al Hospital Municipal<\/strong>.<\/p>\n","protected":false},"excerpt":{"rendered":"<p>Ocurri\u00f3 en la madrugada de este jueves. Un hombre hab\u00eda quedado atrapado en las compuertas y fue rescatado por Bomberos.<\/p>\n","protected":false},"author":4,"featured_media":11876,"comment_status":"closed","ping_status":"closed","sticky":false,"template":"","format":"standard","meta":{"_jetpack_memberships_contains_paid_content":false,"footnotes":""},"categories":[14,1],"tags":[],"class_list":["post-20164","post","type-post","status-publish","format-standard","has-post-thumbnail","hentry","category-policiales","category-portada"],"jetpack_featured_media_url":"https:\/\/i0.wp.com\/cdnoticias.com\/wp-content\/uploads\/2021\/01\/olavarria02.jpg?fit=846%2C500&ssl=1","jetpack_sharing_enabled":true,"_links":{"self":[{"href":"https:\/\/cdnoticias.com\/index.php\/wp-json\/wp\/v2\/posts\/20164","targetHints":{"allow":["GET"]}}],"collection":[{"href":"https:\/\/cdnoticias.com\/index.php\/wp-json\/wp\/v2\/posts"}],"about":[{"href":"https:\/\/cdnoticias.com\/index.php\/wp-json\/wp\/v2\/types\/post"}],"author":[{"embeddable":true,"href":"https:\/\/cdnoticias.com\/index.php\/wp-json\/wp\/v2\/users\/4"}],"replies":[{"embeddable":true,"href":"https:\/\/cdnoticias.com\/index.php\/wp-json\/wp\/v2\/comments?post=20164"}],"version-history":[{"count":0,"href":"https:\/\/cdnoticias.com\/index.php\/wp-json\/wp\/v2\/posts\/20164\/revisions"}],"wp:featuredmedia":[{"embeddable":true,"href":"https:\/\/cdnoticias.com\/index.php\/wp-json\/wp\/v2\/media\/11876"}],"wp:attachment":[{"href":"https:\/\/cdnoticias.com\/index.php\/wp-json\/wp\/v2\/media?parent=20164"}],"wp:term":[{"taxonomy":"category","embeddable":true,"href":"https:\/\/cdnoticias.com\/index.php\/wp-json\/wp\/v2\/categories?post=20164"},{"taxonomy":"post_tag","embeddable":true,"href":"https:\/\/cdnoticias.com\/index.php\/wp-json\/wp\/v2\/tags?post=20164"}],"curies":[{"name":"wp","href":"https:\/\/api.w.org\/{rel}","templated":true}]}}