{"id":201636,"date":"2026-04-27T13:28:46","date_gmt":"2026-04-27T16:28:46","guid":{"rendered":"https:\/\/cdnoticias.com\/?p=201636"},"modified":"2026-04-27T14:47:38","modified_gmt":"2026-04-27T17:47:38","slug":"la-provincia-avanzara-con-un-refuerzo-de-entrega-de-medicamentos-a-municipios","status":"publish","type":"post","link":"https:\/\/cdnoticias.com\/index.php\/2026\/04\/27\/la-provincia-avanzara-con-un-refuerzo-de-entrega-de-medicamentos-a-municipios\/","title":{"rendered":"La Provincia avanzar\u00e1 con un refuerzo de entrega de medicamentos a municipios"},"content":{"rendered":"<p>Lo adelant\u00f3 el ministro Carlos Bianco. El gobernador Axel Kicillof anunciar\u00e1 el jueves un refuerzo del programa en medio de la pol\u00e9mica por el Plan Remediar.<\/p>\n\n\n<hr class=\"wp-block-separator has-alpha-channel-opacity\"\/>\n\n\n\n<!--more-->\n\n\n\n<p>El <strong>gobernador de la provincia de Buenos Aires, Axel Kicillof<\/strong>, avanzar\u00e1 con un<strong> refuerzo del programa Medicamentos Bonaerenses<\/strong>, que garantiza a la poblaci\u00f3n la <strong>cobertura p\u00fablica de remedios para el tratamiento de enfermedades prevalentes<\/strong>. La medida coincide con la <a href=\"https:\/\/cdnoticias.com\/index.php\/2026\/04\/17\/el-colegio-de-medicos-bonaerense-tambien-se-pronuncio-contra-el-cierre-de-remediar\/\" target=\"_blank\" rel=\"noreferrer noopener\"><strong>interrupci\u00f3n del Remediar<\/strong> por parte del Ministerio de Salud de la Naci\u00f3n <\/a>anunciado semanas atr\u00e1s.<\/p>\n\n\n\n<p><br>Seg\u00fan adelant\u00f3 <strong>el ministro de Gobierno, Carlos Bianco<\/strong>, los detalles de la iniciativa <strong>los va a anunciar el propio Kicillof <\/strong>el jueves durante una recorrida por el dep\u00f3sito de medicamentos del Hospital Interzonal Especializado de Agudos y Cr\u00f3nicos Doctor Alejandro Korn, ubicado en Romero, de La Plata.<\/p>\n\n\n\n<p><\/p>\n\n\n\n<blockquote class=\"wp-block-quote is-layout-flow wp-block-quote-is-layout-flow\">\n<p>\u201cEl Gobierno nacional deja de invertir en el suministro de medicamentos e inmediatamente el Gobierno provincial tiene que asistir a la poblaci\u00f3n que queda desguarecida\u201d, dijo Bianco en su habitual conferencia de prensa. Y cont\u00f3 que la Provincia adquiri\u00f3 74 medicamentos en una licitaci\u00f3n p\u00fablica por m\u00e1s de 24.500 millones de pesos, que ser\u00e1n enviados a los municipios para reforzar los 91 que ya se entregan.<\/p>\n<\/blockquote>\n\n\n\n<p><\/p>\n\n\n\n<p><\/p>\n\n\n\n<figure class=\"wp-block-embed is-type-rich is-provider-twitter wp-block-embed-twitter\"><div class=\"wp-block-embed__wrapper\">\n<div class=\"embed-twitter\"><blockquote class=\"twitter-tweet\" data-width=\"550\" data-dnt=\"true\"><p lang=\"es\" dir=\"ltr\">Recortar el programa Remediar que garantiza medicamentos a m\u00e1s de 20 millones de personas en m\u00e1s de 8.000 centros de salud es desarmar una pol\u00edtica que asegura tratamientos b\u00e1sicos en todo el pa\u00eds.  <br><br>Cuando se destruye el acceso a medicamentos, no solo se enferma la gente: se\u2026 <a href=\"https:\/\/t.co\/0Mrkxc322S\">pic.twitter.com\/0Mrkxc322S<\/a><\/p>&mdash; Nicol\u00e1s Kreplak (@nkreplak) <a href=\"https:\/\/twitter.com\/nkreplak\/status\/2048740975095263235?ref_src=twsrc%5Etfw\">April 27, 2026<\/a><\/blockquote><script async src=\"https:\/\/platform.twitter.com\/widgets.js\" charset=\"utf-8\"><\/script><\/div>\n<\/div><\/figure>\n\n\n\n<p><\/p>\n\n\n\n<p>El programa permitir\u00e1 <strong>centralizar y organizar los recursos con mayor eficiencia<\/strong>, optimizando los procesos de adquisici\u00f3n y distribuci\u00f3n de los <strong>suministros que se env\u00edan a todos los centros de salud y hospitales p\u00fablicos provinciales de los 135 municipios<\/strong>. Los medicamentos son necesarios para la prevenci\u00f3n y el tratamiento de patolog\u00edas cr\u00f3nicas como afecciones cardiovasculares, pulmonares, reum\u00e1ticas, infecciones agudas, autoinmunes, anemia, osteoporosis, Parkinson e hipercolesterolemia, entre otras.<\/p>\n\n\n\n<p><\/p>\n\n\n\n<p>Cabe recordar que <strong>en la Legislatura est\u00e1 cajoneado un proyecto que impulsa el gobernador Kicillof<\/strong> y destac\u00f3 en la apertura de sesiones ordinarias el 2 de marzo pasado. Se trata de <strong>una ley de <a href=\"https:\/\/cdnoticias.com\/index.php\/2024\/12\/13\/diputados-aprobo-crear-la-empresa-estatal-bonaerense-de-medicamentos\/\" target=\"_blank\" rel=\"noreferrer noopener\">producci\u00f3n p\u00fablica de medicamentos<\/a><\/strong>, que el mandatario caracteriz\u00f3 en ese discurso como necesario para \u201creducir costos y garantizar el acceso en toda la provincia\u201d.<\/p>\n\n\n\n<p><\/p>\n\n\n\n<figure class=\"wp-block-embed is-type-wp-embed is-provider-central-de-noticias-olavarr-a wp-block-embed-central-de-noticias-olavarr-a\"><div class=\"wp-block-embed__wrapper\">\n<blockquote class=\"wp-embedded-content\" data-secret=\"TLNTkk52oA\"><a href=\"https:\/\/cdnoticias.com\/index.php\/2026\/04\/22\/kreplak-llevo-al-congreso-el-diagnostico-de-los-municipios-bonaerenses-sobre-la-crisis-sanitaria-hay-colapso\/\">Kreplak llev\u00f3 al Congreso el diagn\u00f3stico de los municipios bonaerenses sobre la crisis sanitaria: &#8220;hay colapso&#8221;<\/a><\/blockquote><iframe loading=\"lazy\" class=\"wp-embedded-content\" sandbox=\"allow-scripts\" security=\"restricted\" style=\"position: absolute; visibility: hidden;\" title=\"&#8220;Kreplak llev\u00f3 al Congreso el diagn\u00f3stico de los municipios bonaerenses sobre la crisis sanitaria: &#8220;hay colapso&#8221;&#8221; &#8212; Central de Noticias | Olavarr\u00eda\" src=\"https:\/\/cdnoticias.com\/index.php\/2026\/04\/22\/kreplak-llevo-al-congreso-el-diagnostico-de-los-municipios-bonaerenses-sobre-la-crisis-sanitaria-hay-colapso\/embed\/#?secret=vhZLFDPyDB#?secret=TLNTkk52oA\" data-secret=\"TLNTkk52oA\" width=\"600\" height=\"338\" frameborder=\"0\" marginwidth=\"0\" marginheight=\"0\" scrolling=\"no\"><\/iframe>\n<\/div><\/figure>\n\n\n\n<p><\/p>\n\n\n\n<h2 class=\"wp-block-heading\">Cr\u00edticas de Carlos Bianco al Gobierno de Javier Milei<\/h2>\n\n\n\n<p><br>El <strong>funcionario de Kicillof<\/strong> aprovech\u00f3 la conferencia para dejar en claro que<strong> \u201cno se puede esperar que una provincia se haga cargo de todo lo que abandona un Gobierno como el de Milei\u201d<\/strong> ya que, insisti\u00f3, sufren un recorte de fondos.<\/p>\n\n\n\n<p><\/p>\n\n\n\n<blockquote class=\"wp-block-quote is-layout-flow wp-block-quote-is-layout-flow\">\n<p>En ese sentido, centr\u00f3 buena parte de su intervenci\u00f3n en lo que defini\u00f3 como un escenario \u201ccatastr\u00f3fico y desesperante\u201d para la producci\u00f3n, el empleo y los ingresos. \u201cEste modelo no va m\u00e1s\u201d, sentenci\u00f3, y reclam\u00f3 un cambio urgente en el programa econ\u00f3mico nacional. \u201cEl Gobierno nacional abandona sus responsabilidades y la Provincia tiene que salir a cubrir esas necesidades, pero no puede hacerlo todo\u201d, se\u00f1al\u00f3.<\/p>\n<\/blockquote>\n\n\n\n<p><\/p>\n\n\n\n<p>Seg\u00fan detall\u00f3, <strong>la Naci\u00f3n mantiene una deuda total con la provincia de Buenos Aires<\/strong> que asciende a <strong>$16,7 billones<\/strong>, un monto que surge de tres componentes principales: <em>deudas directas, obras paralizadas y programas discontinuados<\/em>.<\/p>\n\n\n\n<p><\/p>\n\n\n\n<p>Fuente: <em>Agencia DIB<\/em><\/p>\n\n\n\n<p><\/p>\n\n\n\n<figure class=\"wp-block-embed is-type-wp-embed is-provider-central-de-noticias-olavarr-a wp-block-embed-central-de-noticias-olavarr-a\"><div class=\"wp-block-embed__wrapper\">\n<blockquote class=\"wp-embedded-content\" data-secret=\"2lyDxmyABR\"><a href=\"https:\/\/cdnoticias.com\/index.php\/2026\/04\/08\/kicillof-son-unos-cretinos-milei-le-roba-a-la-gente-es-un-ladron\/\">Kicillof: \u201cSon unos cretinos. Milei le roba a la gente, es un ladr\u00f3n\u201d<\/a><\/blockquote><iframe loading=\"lazy\" class=\"wp-embedded-content\" sandbox=\"allow-scripts\" security=\"restricted\" style=\"position: absolute; visibility: hidden;\" title=\"&#8220;Kicillof: \u201cSon unos cretinos. Milei le roba a la gente, es un ladr\u00f3n\u201d&#8221; &#8212; Central de Noticias | Olavarr\u00eda\" src=\"https:\/\/cdnoticias.com\/index.php\/2026\/04\/08\/kicillof-son-unos-cretinos-milei-le-roba-a-la-gente-es-un-ladron\/embed\/#?secret=l9FT9PVzWh#?secret=2lyDxmyABR\" data-secret=\"2lyDxmyABR\" width=\"600\" height=\"338\" frameborder=\"0\" marginwidth=\"0\" marginheight=\"0\" scrolling=\"no\"><\/iframe>\n<\/div><\/figure>\n","protected":false},"excerpt":{"rendered":"<p>Lo adelant\u00f3 el ministro Carlos Bianco. El gobernador Axel Kicillof anunciar\u00e1 el jueves un refuerzo del programa en medio de<\/p>\n","protected":false},"author":4,"featured_media":201637,"comment_status":"closed","ping_status":"closed","sticky":false,"template":"","format":"standard","meta":{"_jetpack_memberships_contains_paid_content":false,"footnotes":""},"categories":[6,1],"tags":[],"class_list":["post-201636","post","type-post","status-publish","format-standard","has-post-thumbnail","hentry","category-nacionales","category-portada"],"jetpack_featured_media_url":"https:\/\/i0.wp.com\/cdnoticias.com\/wp-content\/uploads\/2026\/04\/medicamentos-00.jpg?fit=1000%2C563&ssl=1","jetpack_sharing_enabled":true,"_links":{"self":[{"href":"https:\/\/cdnoticias.com\/index.php\/wp-json\/wp\/v2\/posts\/201636","targetHints":{"allow":["GET"]}}],"collection":[{"href":"https:\/\/cdnoticias.com\/index.php\/wp-json\/wp\/v2\/posts"}],"about":[{"href":"https:\/\/cdnoticias.com\/index.php\/wp-json\/wp\/v2\/types\/post"}],"author":[{"embeddable":true,"href":"https:\/\/cdnoticias.com\/index.php\/wp-json\/wp\/v2\/users\/4"}],"replies":[{"embeddable":true,"href":"https:\/\/cdnoticias.com\/index.php\/wp-json\/wp\/v2\/comments?post=201636"}],"version-history":[{"count":2,"href":"https:\/\/cdnoticias.com\/index.php\/wp-json\/wp\/v2\/posts\/201636\/revisions"}],"predecessor-version":[{"id":201639,"href":"https:\/\/cdnoticias.com\/index.php\/wp-json\/wp\/v2\/posts\/201636\/revisions\/201639"}],"wp:featuredmedia":[{"embeddable":true,"href":"https:\/\/cdnoticias.com\/index.php\/wp-json\/wp\/v2\/media\/201637"}],"wp:attachment":[{"href":"https:\/\/cdnoticias.com\/index.php\/wp-json\/wp\/v2\/media?parent=201636"}],"wp:term":[{"taxonomy":"category","embeddable":true,"href":"https:\/\/cdnoticias.com\/index.php\/wp-json\/wp\/v2\/categories?post=201636"},{"taxonomy":"post_tag","embeddable":true,"href":"https:\/\/cdnoticias.com\/index.php\/wp-json\/wp\/v2\/tags?post=201636"}],"curies":[{"name":"wp","href":"https:\/\/api.w.org\/{rel}","templated":true}]}}