{"id":201630,"date":"2026-04-27T11:40:59","date_gmt":"2026-04-27T14:40:59","guid":{"rendered":"https:\/\/cdnoticias.com\/?p=201630"},"modified":"2026-04-27T13:29:25","modified_gmt":"2026-04-27T16:29:25","slug":"reclamo-por-mal-estado-de-los-caminos-rurales-no-es-cuestion-de-maquinas-aca-hay-que-reparar","status":"publish","type":"post","link":"https:\/\/cdnoticias.com\/index.php\/2026\/04\/27\/reclamo-por-mal-estado-de-los-caminos-rurales-no-es-cuestion-de-maquinas-aca-hay-que-reparar\/","title":{"rendered":"Reclamo por mal estado de los caminos rurales: \u201cno es cuesti\u00f3n de m\u00e1quinas, ac\u00e1 hay que reparar\u201d"},"content":{"rendered":"<p>Lo dijo Dar\u00edo Rossi, productor ganadero de la zona de Santa Luisa. Plante\u00f3 la necesidad de profundizar los trabajos hidr\u00e1ulicos: \u201cestamos a un paso de arrancar la cosecha, \u00bfpor d\u00f3nde van a transitar los camiones\u201d. Adem\u00e1s tiene campo en Benito Ju\u00e1rez: \u201cpago el doble pero no me interesa\u201d contrast\u00f3 con Olavarr\u00eda.<\/p>\n\n\n<hr class=\"wp-block-separator has-alpha-channel-opacity\"\/>\n\n\n\n<!--more-->\n\n\n\n<p>La <strong>dificultad para el tr\u00e1nsito <\/strong>por los <strong>caminos rurales <\/strong>ha sido <strong>expuesta desde diversos sectores<\/strong> en lo que va del a\u00f1o y las<strong> lluvias del inicio de oto\u00f1o <\/strong>complican el panorama. <strong>Dar\u00edo Rossi<\/strong>, productor <strong>ganadero de la zona de Santa Luisa <\/strong>habl\u00f3 este lunes sobre el tema con el <strong>programa Levantate por Radio Sapiens (FM 102.7)<\/strong>:<strong> \u201cno es cuesti\u00f3n de m\u00e1quinas, ac\u00e1 hay que reparar\u201d<\/strong> sostuvo para apuntar a la profundidad de los trabajos que se requieren.<\/p>\n\n\n\n<p><\/p>\n\n\n\n<blockquote class=\"wp-block-quote is-layout-flow wp-block-quote-is-layout-flow\">\n<p>\u201cLos caminos se mantuvieron, pasando la m\u00e1quina, pero las obras que se ten\u00edan que hacer realmente no se hicieron\u201d indic\u00f3 para ampliar que \u201cel problema no es una motoniveladora, hoy en d\u00eda hay que hacer un trabajo muy importante de hidr\u00e1ulica que no est\u00e1 hecho\u201d.<\/p>\n<\/blockquote>\n\n\n\n<p><\/p>\n\n\n\n<p>En ese sentido, cabe recordar que d\u00edas atr\u00e1s <strong>Central de Noticias <\/strong>habl\u00f3 con el secretario de Obras P\u00fablicas municipal, Orfel Fari\u00f1a, quien dio a conocer que <a href=\"https:\/\/cdnoticias.com\/index.php\/2026\/04\/14\/obras-en-caminos-rurales-la-tasa-de-olavarria-es-de-las-mas-bajas-de-la-provincia-esto-agrava-el-panorama\/\" target=\"_blank\" rel=\"noreferrer noopener\"><strong>se lanzaron 12 licitaciones de obras <\/strong>para mejoras en caminos, a las que <strong>defini\u00f3 como \u201cmuy hidr\u00e1ulicas\u201d<\/strong><\/a>. Inform\u00f3 que la financiaci\u00f3n surg\u00eda de unos <strong>1.500 millones de pesos que no se hab\u00edan ejecutado durante 2025<\/strong>.<\/p>\n\n\n\n<p><\/p>\n\n\n\n<p>En la entrevista radial Rossi coment\u00f3 que \u201chay sectores que son de transitabilidad de todos los d\u00edas, caminos principales, y no se hab\u00edan hecho los trabajos. Creo que<strong> si no se hacen los trabajos en verano, despu\u00e9s en invierno se complica mucho. <\/strong>Es una realidad, le est\u00e1 pasando al municipio hoy y a las empresas que est\u00e1n trabajando. <strong>Hoy tenemos todo lleno de agua<\/strong>. O sea, lo que se vio es que en el verano no se hicieron las cosas\u201d.<\/p>\n\n\n\n<p><\/p>\n\n\n\n<p>El productor tiene su establecimiento sobre el<strong> camino entre Santa Luisa y El Luchador<\/strong> donde se dedica al <strong>engorde de ganado<\/strong>. \u201cEl engorde necesita llevar comida continua y salen animales continuamente porque va toda faena. Se saca cada 15 d\u00edas. <strong>Hoy pasamos cuando podemos, porque estamos muy complicados\u201d <\/strong>remarc\u00f3.<\/p>\n\n\n\n<p><\/p>\n\n\n\n<figure class=\"wp-block-embed is-type-wp-embed is-provider-central-de-noticias-olavarr-a wp-block-embed-central-de-noticias-olavarr-a\"><div class=\"wp-block-embed__wrapper\">\n<blockquote class=\"wp-embedded-content\" data-secret=\"69u6fPfg91\"><a href=\"https:\/\/cdnoticias.com\/index.php\/2026\/01\/12\/caminos-rurales-el-municipio-y-la-mesa-agropecuaria-definieron-las-obras-para-2026\/\">Caminos rurales: el Municipio y la Mesa Agropecuaria definieron las obras para 2026<\/a><\/blockquote><iframe loading=\"lazy\" class=\"wp-embedded-content\" sandbox=\"allow-scripts\" security=\"restricted\" style=\"position: absolute; visibility: hidden;\" title=\"&#8220;Caminos rurales: el Municipio y la Mesa Agropecuaria definieron las obras para 2026&#8221; &#8212; Central de Noticias | Olavarr\u00eda\" src=\"https:\/\/cdnoticias.com\/index.php\/2026\/01\/12\/caminos-rurales-el-municipio-y-la-mesa-agropecuaria-definieron-las-obras-para-2026\/embed\/#?secret=zruV3jpcHT#?secret=69u6fPfg91\" data-secret=\"69u6fPfg91\" width=\"600\" height=\"338\" frameborder=\"0\" marginwidth=\"0\" marginheight=\"0\" scrolling=\"no\"><\/iframe>\n<\/div><\/figure>\n\n\n\n<p><\/p>\n\n\n\n<p>Agreg\u00f3 que<strong> cuando llueve \u201cse inunda todo\u201d<\/strong>. Rossi cont\u00f3 que <strong>en el camino \u201cse hizo una obra en noviembre, diciembre, fue una retro a sacar materiales. <\/strong>Yo no entiendo mucho de ingenier\u00eda, no estudi\u00e9, pero visualmente <strong>uno ve que el trabajo estaba mal hecho<\/strong>. Nunca desparramaron todo lo que sacaron de la banquina. Tenes la banquina del frente, que es un metro m\u00e1s alto que la calle, y <strong>la calle es un canal hoy en d\u00eda.<\/strong> Estamos hablando de hasta un metro de agua por la calle\u201d.<\/p>\n\n\n\n<p><\/p>\n\n\n\n<p>El ruralista destac\u00f3 que <strong>\u201csiempre hablo\u201d con quienes se encargan del mantenimiento <\/strong>de los caminos <em>\u201cpero no en modo cr\u00edtica, o sea, busc\u00e1ndole una soluci\u00f3n, porque todos queremos transitar tranquilos. No me dan ganas de romper la camioneta todos los a\u00f1os\u201d<\/em>. Incluy\u00f3 en esos <strong>contactos al secretario Orfel Fari\u00f1a y la director de Caminos Rurales, Mariano Arrignon<\/strong>: <em>\u201cte escuchan nom\u00e1s, pero queda en eso\u201d<\/em>. Asimismo, valor\u00f3 el <strong>di\u00e1logo con la polic\u00eda del Destacamento Santa Luisa <\/strong>a fin de acordar el tr\u00e1nsito hacia el campo:<em> \u201ces una persona coherente y sabe el estado del camino\u201d<\/em> reconoci\u00f3.<\/p>\n\n\n\n<p><\/p>\n\n\n\n<h2 class=\"wp-block-heading\">El clima y la calidad de las obras<\/h2>\n\n\n\n<p><\/p>\n\n\n\n<p>Rossi tuvo en cuenta que <strong>las condiciones del clima son adversas <\/strong>desde hace largo tiempo.<strong> \u201cCreo que al gobierno este le toc\u00f3 \u2013 est\u00e1n hace dos a\u00f1os y medio- toda la lluvia el a\u00f1o pasado<\/strong>, no lo vamos a negar. Y est\u00e1 lloviendo mucho este a\u00f1o.<strong> Viene un a\u00f1o muy complicado de lluvia\u201d <\/strong>dijo.<\/p>\n\n\n\n<p><\/p>\n\n\n\n<p>Contempl\u00f3 que la problem\u00e1tica de los caminos es de larga data, aunque se\u00f1al\u00f3 tambi\u00e9n que hay aspectos actuales, como <strong>\u201cun mont\u00f3n de lugares donde han estado trabajando que no han terminado los trabajos. <\/strong>Porque hay tierra amontonada que han sacado de la banquina, tosca, greda, tierra de hace un a\u00f1o y pico y no los han terminado. Yo los transito todos los d\u00edas, los veo, no es que est\u00e9 mintiendo\u201d.<\/p>\n\n\n\n<p><\/p>\n\n\n\n<blockquote class=\"wp-block-quote is-layout-flow wp-block-quote-is-layout-flow\">\n<p>Tras subrayar la necesidad de sumar mejoras en materia de hidr\u00e1ulica contempl\u00f3 que \u201cno se vienen haciendo de a\u00f1os, no vamos a culpar a este solo gobierno\u201d. M\u00e1s adelante Dar\u00edo Rossi advirti\u00f3 que encarar las obras en este momento \u201ces muy tarde, porque hoy en d\u00eda no se seca. Esta agua que tuvimos estos \u00faltimos 10 d\u00edas va a costar un mont\u00f3n secarse y ojal\u00e1 que el pron\u00f3stico, dentro de todo es alentador, no dan agua por un lapso de tiempo. Pero el pron\u00f3stico viene cambiando muy a menudo. Hoy es muy complicado arreglar lo que est\u00e1 con problema, porque est\u00e1 todo abarrotado de agua\u201d.<\/p>\n<\/blockquote>\n\n\n\n<p><\/p>\n\n\n\n<figure class=\"wp-block-image size-full\"><img data-recalc-dims=\"1\" loading=\"lazy\" decoding=\"async\" width=\"800\" height=\"445\" src=\"https:\/\/i0.wp.com\/cdnoticias.com\/wp-content\/uploads\/2026\/04\/caminos-rurales.jpg?resize=800%2C445&#038;ssl=1\" alt=\"\" class=\"wp-image-199618\" srcset=\"https:\/\/i0.wp.com\/cdnoticias.com\/wp-content\/uploads\/2026\/04\/caminos-rurales.jpg?w=800&amp;ssl=1 800w, https:\/\/i0.wp.com\/cdnoticias.com\/wp-content\/uploads\/2026\/04\/caminos-rurales.jpg?resize=300%2C167&amp;ssl=1 300w, https:\/\/i0.wp.com\/cdnoticias.com\/wp-content\/uploads\/2026\/04\/caminos-rurales.jpg?resize=768%2C427&amp;ssl=1 768w\" sizes=\"auto, (max-width: 800px) 100vw, 800px\" \/><\/figure>\n\n\n\n<p><\/p>\n\n\n\n<p>El impacto es directo. <strong>\u201cNo pod\u00e9s trabajar, estamos a un paso de arrancar la cosecha, \u00bfpor d\u00f3nde van a transitar los camiones? <\/strong>Pasa un cami\u00f3n, lo primero que hacen es hacerte una multa porque el cami\u00f3n pas\u00f3, pero vos la producci\u00f3n la ten\u00e9s que sacar\u201d afirm\u00f3.<\/p>\n\n\n\n<p><\/p>\n\n\n\n<h2 class=\"wp-block-heading\">Benito Ju\u00e1rez: \u201cpago el doble pero no me interesa\u201d<\/h2>\n\n\n\n<p><\/p>\n\n\n\n<p>Dar\u00edo Rossi cont\u00f3 que<strong> tambi\u00e9n trabaja en un campo del distrito de Benito Ju\u00e1rez<\/strong>, el cual es habitualmente presentado como <a href=\"https:\/\/cdnoticias.com\/index.php\/2026\/04\/10\/caminos-rurales-como-hacen-en-benito-juarez\/\" target=\"_blank\" rel=\"noreferrer noopener\">ejemplo de trabajo en materia de caminos rurales.<\/a><\/p>\n\n\n\n<p><\/p>\n\n\n\n<blockquote class=\"wp-block-quote is-layout-flow wp-block-quote-is-layout-flow\">\n<p>\u201cEs excelente. Tengo un campo alquilado en el partido de Ju\u00e1rez. Transito el camino una vez por semana. Vos vas a sacar una gu\u00eda para hacer un movimiento de hacienda y pag\u00e1s el doble que ac\u00e1\u201d dijo para a\u00f1adir que \u201cyo pago el doble una gu\u00eda, pero no me interesa, porque llueve y al otro d\u00eda el cami\u00f3n puede ir a cargar, y yo voy con la camioneta y puedo circular por todos lados\u201d.<\/p>\n<\/blockquote>\n\n\n\n<p><\/p>\n\n\n\n<p>Dio a conocer un problema que tuvo en 2025 en uno de los caminos por el que present\u00f3 un reclamo al Municipio y tuvo respuesta inmediata: <strong>\u201cvinieron a la semana, no a los cinco a\u00f1os\u201d<\/strong> subray\u00f3.<\/p>\n\n\n\n<p><\/p>\n\n\n\n<p>A modo de cierre sobre la situaci\u00f3n en Olavarr\u00eda concluy\u00f3 que <strong>\u201ceste a\u00f1o va a ser muy complicado, al igual que el a\u00f1o pasado. <\/strong>Estamos tarde para las obras porque no seca, no escurre y est\u00e1 anunciado un a\u00f1o muy llovedor\u201d.<\/p>\n\n\n\n<p><\/p>\n","protected":false},"excerpt":{"rendered":"<p>Lo dijo Dar\u00edo Rossi, productor ganadero de la zona de Santa Luisa. Plante\u00f3 la necesidad de profundizar los trabajos hidr\u00e1ulicos:<\/p>\n","protected":false},"author":4,"featured_media":199920,"comment_status":"closed","ping_status":"closed","sticky":false,"template":"","format":"standard","meta":{"_jetpack_memberships_contains_paid_content":false,"footnotes":""},"categories":[5,1],"tags":[],"class_list":["post-201630","post","type-post","status-publish","format-standard","has-post-thumbnail","hentry","category-informacion-general","category-portada"],"jetpack_featured_media_url":"https:\/\/i0.wp.com\/cdnoticias.com\/wp-content\/uploads\/2026\/04\/caminosrurales1.jpg?fit=900%2C580&ssl=1","jetpack_sharing_enabled":true,"_links":{"self":[{"href":"https:\/\/cdnoticias.com\/index.php\/wp-json\/wp\/v2\/posts\/201630","targetHints":{"allow":["GET"]}}],"collection":[{"href":"https:\/\/cdnoticias.com\/index.php\/wp-json\/wp\/v2\/posts"}],"about":[{"href":"https:\/\/cdnoticias.com\/index.php\/wp-json\/wp\/v2\/types\/post"}],"author":[{"embeddable":true,"href":"https:\/\/cdnoticias.com\/index.php\/wp-json\/wp\/v2\/users\/4"}],"replies":[{"embeddable":true,"href":"https:\/\/cdnoticias.com\/index.php\/wp-json\/wp\/v2\/comments?post=201630"}],"version-history":[{"count":1,"href":"https:\/\/cdnoticias.com\/index.php\/wp-json\/wp\/v2\/posts\/201630\/revisions"}],"predecessor-version":[{"id":201631,"href":"https:\/\/cdnoticias.com\/index.php\/wp-json\/wp\/v2\/posts\/201630\/revisions\/201631"}],"wp:featuredmedia":[{"embeddable":true,"href":"https:\/\/cdnoticias.com\/index.php\/wp-json\/wp\/v2\/media\/199920"}],"wp:attachment":[{"href":"https:\/\/cdnoticias.com\/index.php\/wp-json\/wp\/v2\/media?parent=201630"}],"wp:term":[{"taxonomy":"category","embeddable":true,"href":"https:\/\/cdnoticias.com\/index.php\/wp-json\/wp\/v2\/categories?post=201630"},{"taxonomy":"post_tag","embeddable":true,"href":"https:\/\/cdnoticias.com\/index.php\/wp-json\/wp\/v2\/tags?post=201630"}],"curies":[{"name":"wp","href":"https:\/\/api.w.org\/{rel}","templated":true}]}}