{"id":201623,"date":"2026-04-27T10:21:04","date_gmt":"2026-04-27T13:21:04","guid":{"rendered":"https:\/\/cdnoticias.com\/?p=201623"},"modified":"2026-04-27T13:11:38","modified_gmt":"2026-04-27T16:11:38","slug":"ronda-de-reflexion-en-olavarria-contra-el-proyecto-de-ley-de-modificaciones-en-discapacidad","status":"publish","type":"post","link":"https:\/\/cdnoticias.com\/index.php\/2026\/04\/27\/ronda-de-reflexion-en-olavarria-contra-el-proyecto-de-ley-de-modificaciones-en-discapacidad\/","title":{"rendered":"Ronda de reflexi\u00f3n en Olavarr\u00eda contra el proyecto de ley de modificaciones en discapacidad"},"content":{"rendered":"<p>La actividad ser\u00e1 este mi\u00e9rcoles en el Centro Cultural Universitario. Abierta a toda la comunidad.<\/p>\n\n\n<hr class=\"wp-block-separator has-alpha-channel-opacity\"\/>\n\n\n\n<!--more-->\n\n\n\n<p>Vecinos, profesionales y organizaciones vinculadas al<strong> \u00e1mbito de la discapacidad <\/strong>convocan a una<strong> \u201cRonda de reflexi\u00f3n contra el ajuste en discapacidad\u201d<\/strong>, en el marco del <strong>proyecto impulsado por el Gobierno nacional <\/strong>que propone <strong>modificaciones en la legislaci\u00f3n vigente<\/strong>.<\/p>\n\n\n\n<p><\/p>\n\n\n\n<blockquote class=\"wp-block-quote is-layout-flow wp-block-quote-is-layout-flow\">\n<p>El encuentro se llevar\u00e1 a cabo el mi\u00e9rcoles a las 18 horas en el Centro Cultural Universitario, ubicado en San Mart\u00edn 1955. Tiene como objetivo generar un espacio de intercambio y an\u00e1lisis sobre el impacto de estas iniciativas.<\/p>\n<\/blockquote>\n\n\n\n<p><\/p>\n\n\n\n<p>Durante la jornada se buscar\u00e1 poner en com\u00fan las <strong>posibles consecuencias de los cambios en las personas en situaci\u00f3n de discapacidad<\/strong>, as\u00ed como tambi\u00e9n en <strong>quienes trabajan en el \u00e1mbito de la salud y la atenci\u00f3n<\/strong>.<\/p>\n\n\n\n<p><\/p>\n\n\n\n<p>Adem\u00e1s, se propone la<strong> creaci\u00f3n colectiva de un material audiovisual <\/strong>que permita visibilizar en la comunidad los riesgos asociados a las modificaciones en pensiones por invalidez y en la Ley de Salud Mental. Otro de los ejes ser\u00e1 la organizaci\u00f3n de<strong> futuras acciones conjuntas<\/strong>, en funci\u00f3n de lo que surja del encuentro.<\/p>\n\n\n\n<p><\/p>\n\n\n\n<p><strong>La convocatoria es abierta <\/strong>y est\u00e1 dirigida a personas con discapacidad, familiares, prestadores, instituciones, transportistas, docentes, estudiantes y a toda la comunidad interesada.<\/p>\n\n\n\n<p><\/p>\n\n\n\n<p>Desde la organizaci\u00f3n invitaron a asistir con mate, ropa c\u00f3moda y materiales para escribir, con la intenci\u00f3n de promover un espacio participativo y de construcci\u00f3n colectiva.<\/p>\n\n\n\n<p><\/p>\n","protected":false},"excerpt":{"rendered":"<p>La actividad ser\u00e1 este mi\u00e9rcoles en el Centro Cultural Universitario. Abierta a toda la comunidad.<\/p>\n","protected":false},"author":4,"featured_media":172702,"comment_status":"closed","ping_status":"closed","sticky":false,"template":"","format":"standard","meta":{"_jetpack_memberships_contains_paid_content":false,"footnotes":""},"categories":[5,1],"tags":[],"class_list":["post-201623","post","type-post","status-publish","format-standard","has-post-thumbnail","hentry","category-informacion-general","category-portada"],"jetpack_featured_media_url":"https:\/\/i0.wp.com\/cdnoticias.com\/wp-content\/uploads\/2025\/05\/Marcha-Discapacidad-Emergencia-Olavarria-03.jpg?fit=1024%2C576&ssl=1","jetpack_sharing_enabled":true,"_links":{"self":[{"href":"https:\/\/cdnoticias.com\/index.php\/wp-json\/wp\/v2\/posts\/201623","targetHints":{"allow":["GET"]}}],"collection":[{"href":"https:\/\/cdnoticias.com\/index.php\/wp-json\/wp\/v2\/posts"}],"about":[{"href":"https:\/\/cdnoticias.com\/index.php\/wp-json\/wp\/v2\/types\/post"}],"author":[{"embeddable":true,"href":"https:\/\/cdnoticias.com\/index.php\/wp-json\/wp\/v2\/users\/4"}],"replies":[{"embeddable":true,"href":"https:\/\/cdnoticias.com\/index.php\/wp-json\/wp\/v2\/comments?post=201623"}],"version-history":[{"count":1,"href":"https:\/\/cdnoticias.com\/index.php\/wp-json\/wp\/v2\/posts\/201623\/revisions"}],"predecessor-version":[{"id":201624,"href":"https:\/\/cdnoticias.com\/index.php\/wp-json\/wp\/v2\/posts\/201623\/revisions\/201624"}],"wp:featuredmedia":[{"embeddable":true,"href":"https:\/\/cdnoticias.com\/index.php\/wp-json\/wp\/v2\/media\/172702"}],"wp:attachment":[{"href":"https:\/\/cdnoticias.com\/index.php\/wp-json\/wp\/v2\/media?parent=201623"}],"wp:term":[{"taxonomy":"category","embeddable":true,"href":"https:\/\/cdnoticias.com\/index.php\/wp-json\/wp\/v2\/categories?post=201623"},{"taxonomy":"post_tag","embeddable":true,"href":"https:\/\/cdnoticias.com\/index.php\/wp-json\/wp\/v2\/tags?post=201623"}],"curies":[{"name":"wp","href":"https:\/\/api.w.org\/{rel}","templated":true}]}}