{"id":20161,"date":"2021-04-29T11:46:43","date_gmt":"2021-04-29T14:46:43","guid":{"rendered":"http:\/\/www.centraldenoticias.com.ar\/?p=20161"},"modified":"2021-04-29T11:47:17","modified_gmt":"2021-04-29T14:47:17","slug":"la-mesa-de-cannabis-capacitara-a-quienes-deseen-empezar-con-el-auto-cultivo","status":"publish","type":"post","link":"https:\/\/cdnoticias.com\/index.php\/2021\/04\/29\/la-mesa-de-cannabis-capacitara-a-quienes-deseen-empezar-con-el-auto-cultivo\/","title":{"rendered":"La Mesa de Cannabis capacitar\u00e1 a quienes deseen empezar con el auto-cultivo"},"content":{"rendered":"<p>Se dio a conocer tras la \u00faltima reuni\u00f3n, donde tambi\u00e9n se expres\u00f3 la intenci\u00f3n de avanzar con un acercamiento a las fuerzas de seguridad y el poder judicial.<!--more--><\/p>\n<hr \/>\n<p><strong>La Mesa de Cannabis del Concejo Deliberante mantuvo su cuarta reuni\u00f3n<\/strong>, nuevamente en formato virtual, con una agenda amplia para la localidad. Entre las novedades, se contaron la<em> propuesta de acercamiento a las fuerzas de seguridad y el poder judicial, las futuras capacitaciones entre las que se contar\u00e1 una para quienes deseen empezar con el auto-cultivo, y la llegada a la UNICEN de un m\u00f3dulo para el \u201ccultivo experimental\u201d<\/em>.<\/p>\n<p>&nbsp;<\/p>\n<p>Se concret\u00f3 el martes a trav\u00e9s de la <strong>plataforma institucional del HCD Olavarr\u00eda<\/strong>. El encuentro de la<em> \u201cMesa Interdisciplinaria para el an\u00e1lisis, estudio y evaluaci\u00f3n del uso cient\u00edfico del cannabis para uso medicinal, garantizando y promoviendo el cuidado integral de la salud&#8221;<\/em> fue presidido por el <strong>concejal Germ\u00e1n Aramburu (Renovaci\u00f3n Peronista)<\/strong>.<\/p>\n<p>&nbsp;<\/p>\n<p>Se evalu\u00f3 el <a href=\"https:\/\/cdnoticias.com\/index.php\/2021\/04\/18\/la-charla-de-la-mesa-de-cannabis-dejo-interesantes-debates-y-propuestas\/\" target=\"_blank\" rel=\"noopener\">impacto de la charla abierta<\/a> sobre <em>\u201cAcceso al Cannabis: normativa vigente y realidad\u201d<\/em> realizada el martes 13 de abril. En esa oportunidad, <strong>\u201cla mesa recibi\u00f3 distintas demandas por parte de profesionales de la salud y de los interesados en general, para un acceso seguro a la salud\u201d<\/strong> se destac\u00f3 en un comunicado.<\/p>\n<p>&nbsp;<\/p>\n<blockquote><p>\u201cEl \u00fanico camino para combatir el prejuicio es el razonamiento, el conocimiento y la mirada amplia\u201d enfatiz\u00f3 el doctor Marcelo Sarlingo (FACSO-UNICEN).<\/p><\/blockquote>\n<p>&nbsp;<\/p>\n<p>Lo expres\u00f3 al referirse \u201ca la <strong>necesidad de que esta mesa pueda articular con las fuerzas de seguridad y con el poder judicial <\/strong>de la regi\u00f3n\u201d.<\/p>\n<p>&nbsp;<\/p>\n<p><img data-recalc-dims=\"1\" loading=\"lazy\" decoding=\"async\" class=\"aligncenter wp-image-8074 size-full\" src=\"https:\/\/i0.wp.com\/cdnoticias.com\/wp-content\/uploads\/2020\/12\/cannabis-onu.jpg?resize=696%2C390&#038;ssl=1\" alt=\"\" width=\"696\" height=\"390\" srcset=\"https:\/\/i0.wp.com\/cdnoticias.com\/wp-content\/uploads\/2020\/12\/cannabis-onu.jpg?w=696&amp;ssl=1 696w, https:\/\/i0.wp.com\/cdnoticias.com\/wp-content\/uploads\/2020\/12\/cannabis-onu.jpg?resize=300%2C168&amp;ssl=1 300w\" sizes=\"auto, (max-width: 696px) 100vw, 696px\" \/><\/p>\n<p>&nbsp;<\/p>\n<p>En ese sentido, desde la Mesa se adelant\u00f3 que \u201cuna de las grandes apuestas del equipo ser\u00e1 el acercamiento con los <strong>sectores que deben garantizar el cumplimiento de la reglamentaci\u00f3n vigente<\/strong> y, a su vez, romper con la din\u00e1mica de demonizaci\u00f3n respecto al uso de cannabis\u201d.<\/p>\n<p>&nbsp;<\/p>\n<p>Adem\u00e1s, se valor\u00f3 la <strong>ampliaci\u00f3n de la agenda de trabajo con la incorporaci\u00f3n de capacitaciones<\/strong> para la comunidad olavarriense. \u201cEntre las propuestas m\u00e1s destacadas se cuenta la <strong>formaci\u00f3n a profesionales de la salud<\/strong> que pertenecen al C\u00edrculo M\u00e9dico de Olavarr\u00eda; la <strong>participaci\u00f3n de INTA Olavarr\u00eda<\/strong> articulando con experiencias y conocimientos de la localidad de\u00a0 Mar del Plata; y un espacio de <strong>formaci\u00f3n para aquellas personas que deseen empezar con el auto-cultivo<\/strong> cuya organizaci\u00f3n estar\u00e1 a cargo de la ONG Cannabis Activa\u201d se inform\u00f3.<\/p>\n<p>&nbsp;<\/p>\n<p><strong>\u201cLleg\u00f3 a la UNICEN el m\u00f3dulo edilicio donde se llevar\u00e1 adelante el proyecto de cultivo experimental de cannabis\u201d<\/strong>, coment\u00f3 el doctor <strong>Gast\u00f3n Barreto (CONICET \u2013 FIO)<\/strong> quien forma parte de la mesa junto al equipo que avanza hacia una producci\u00f3n controlada de cultivos de Cannabis. En ese marco, se indic\u00f3 que en breve, los miembros de la Mesa visitar\u00e1n este m\u00f3dulo.<\/p>\n<p>&nbsp;<\/p>\n<blockquote><p>En el cierre, se defini\u00f3 que \u201cla Mesa de Cannabis avanza en una agenda local y trabaja en la construcci\u00f3n de pol\u00edticas p\u00fablicas que brinden un acceso integral a la salud, receptando las demandas de la poblaci\u00f3n\u201d.<\/p><\/blockquote>\n","protected":false},"excerpt":{"rendered":"<p>Se dio a conocer tras la \u00faltima reuni\u00f3n, donde tambi\u00e9n se expres\u00f3 la intenci\u00f3n de avanzar con un acercamiento a<\/p>\n","protected":false},"author":4,"featured_media":20163,"comment_status":"closed","ping_status":"closed","sticky":false,"template":"","format":"standard","meta":{"_jetpack_memberships_contains_paid_content":false,"footnotes":""},"categories":[4,1],"tags":[],"class_list":["post-20161","post","type-post","status-publish","format-standard","has-post-thumbnail","hentry","category-politica","category-portada"],"jetpack_featured_media_url":"https:\/\/i0.wp.com\/cdnoticias.com\/wp-content\/uploads\/2021\/04\/Mesa-de-cannabis-4ta-reunion.jpeg?fit=1280%2C800&ssl=1","jetpack_sharing_enabled":true,"_links":{"self":[{"href":"https:\/\/cdnoticias.com\/index.php\/wp-json\/wp\/v2\/posts\/20161","targetHints":{"allow":["GET"]}}],"collection":[{"href":"https:\/\/cdnoticias.com\/index.php\/wp-json\/wp\/v2\/posts"}],"about":[{"href":"https:\/\/cdnoticias.com\/index.php\/wp-json\/wp\/v2\/types\/post"}],"author":[{"embeddable":true,"href":"https:\/\/cdnoticias.com\/index.php\/wp-json\/wp\/v2\/users\/4"}],"replies":[{"embeddable":true,"href":"https:\/\/cdnoticias.com\/index.php\/wp-json\/wp\/v2\/comments?post=20161"}],"version-history":[{"count":0,"href":"https:\/\/cdnoticias.com\/index.php\/wp-json\/wp\/v2\/posts\/20161\/revisions"}],"wp:featuredmedia":[{"embeddable":true,"href":"https:\/\/cdnoticias.com\/index.php\/wp-json\/wp\/v2\/media\/20163"}],"wp:attachment":[{"href":"https:\/\/cdnoticias.com\/index.php\/wp-json\/wp\/v2\/media?parent=20161"}],"wp:term":[{"taxonomy":"category","embeddable":true,"href":"https:\/\/cdnoticias.com\/index.php\/wp-json\/wp\/v2\/categories?post=20161"},{"taxonomy":"post_tag","embeddable":true,"href":"https:\/\/cdnoticias.com\/index.php\/wp-json\/wp\/v2\/tags?post=20161"}],"curies":[{"name":"wp","href":"https:\/\/api.w.org\/{rel}","templated":true}]}}