{"id":201597,"date":"2026-04-26T19:58:01","date_gmt":"2026-04-26T22:58:01","guid":{"rendered":"https:\/\/cdnoticias.com\/?p=201597"},"modified":"2026-04-26T19:58:26","modified_gmt":"2026-04-26T22:58:26","slug":"frio-intenso-en-olavarria-minimas-de-hasta-3-grados-al-inicio-de-la-semana","status":"publish","type":"post","link":"https:\/\/cdnoticias.com\/index.php\/2026\/04\/26\/frio-intenso-en-olavarria-minimas-de-hasta-3-grados-al-inicio-de-la-semana\/","title":{"rendered":"Fr\u00edo intenso en Olavarr\u00eda: m\u00ednimas de hasta 3 grados al inicio de la semana"},"content":{"rendered":"\n<p>El descenso t\u00e9rmico se mantendr\u00e1 durante varios d\u00edas con variaciones leves. Persisten alertas por viento tras un domingo con r\u00e1fagas de hasta 70 km\/h.<\/p>\n\n\n\n<hr class=\"wp-block-separator has-alpha-channel-opacity\"\/>\n\n\n\n<p>El fr\u00edo se instal\u00f3 en Olavarr\u00eda y<strong> continuar\u00e1 durante el inicio de la semana con temperaturas m\u00ednimas bajas y condiciones inestables <\/strong>en materia de viento.<\/p>\n\n\n\n<p><\/p>\n\n\n\n<p>De acuerdo al pron\u00f3stico, <strong>el lunes se presentar\u00e1 con una temperatura m\u00ednima de 4 grados y una m\u00e1xima de 15 grados. <\/strong>Para <strong>el martes, en tanto, se espera un descenso a\u00fan mayor en la m\u00ednima, que ser\u00e1 de 3 grados, mientras que la m\u00e1xima alcanzar\u00e1 los 18 grados.<\/strong><\/p>\n\n\n\n<p><\/p>\n\n\n\n<p>Hacia el <strong>mi\u00e9rcoles<\/strong> se prev\u00e9 una leve suba de la temperatura m\u00ednima, que llegar\u00e1 a 11 grados. Sin embargo, el <strong>jueves<\/strong> volver\u00e1 a registrarse un descenso, con una m\u00ednima estimada nuevamente en 4 grados.<\/p>\n\n\n\n<p><\/p>\n\n\n\n<p>En cuanto a las condiciones meteorol\u00f3gicas recientes, <strong>durante la tarde del domingo se emiti\u00f3 una advertencia de nivel naranja por viento, con r\u00e1fagas que alcanzaron los 70 kil\u00f3metros por hora.<\/strong><\/p>\n\n\n\n<p><\/p>\n\n\n\n<figure class=\"wp-block-image size-large\"><img data-recalc-dims=\"1\" loading=\"lazy\" decoding=\"async\" width=\"800\" height=\"302\" src=\"https:\/\/i0.wp.com\/cdnoticias.com\/wp-content\/uploads\/2026\/04\/WhatsApp-Image-2026-04-26-at-7.05.24-PM.jpeg?resize=800%2C302&#038;ssl=1\" alt=\"\" class=\"wp-image-201599\" srcset=\"https:\/\/i0.wp.com\/cdnoticias.com\/wp-content\/uploads\/2026\/04\/WhatsApp-Image-2026-04-26-at-7.05.24-PM.jpeg?resize=1024%2C387&amp;ssl=1 1024w, https:\/\/i0.wp.com\/cdnoticias.com\/wp-content\/uploads\/2026\/04\/WhatsApp-Image-2026-04-26-at-7.05.24-PM.jpeg?resize=300%2C113&amp;ssl=1 300w, https:\/\/i0.wp.com\/cdnoticias.com\/wp-content\/uploads\/2026\/04\/WhatsApp-Image-2026-04-26-at-7.05.24-PM.jpeg?resize=768%2C290&amp;ssl=1 768w, https:\/\/i0.wp.com\/cdnoticias.com\/wp-content\/uploads\/2026\/04\/WhatsApp-Image-2026-04-26-at-7.05.24-PM.jpeg?w=1454&amp;ssl=1 1454w\" sizes=\"auto, (max-width: 800px) 100vw, 800px\" \/><\/figure>\n\n\n\n<p><\/p>\n\n\n\n<p>Adem\u00e1s, <strong>se mantiene vigente un alerta de nivel amarillo por viento para la noche del domingo y la madrugada del lunes,<\/strong> lo que indica la persistencia de condiciones adversas en la regi\u00f3n.<\/p>\n\n\n\n<p><\/p>\n","protected":false},"excerpt":{"rendered":"<p>El descenso t\u00e9rmico se mantendr\u00e1 durante varios d\u00edas con variaciones leves. Persisten alertas por viento tras un domingo con r\u00e1fagas<\/p>\n","protected":false},"author":5,"featured_media":175062,"comment_status":"closed","ping_status":"closed","sticky":false,"template":"","format":"standard","meta":{"_jetpack_memberships_contains_paid_content":false,"footnotes":""},"categories":[5,7],"tags":[],"class_list":["post-201597","post","type-post","status-publish","format-standard","has-post-thumbnail","hentry","category-informacion-general","category-central"],"jetpack_featured_media_url":"https:\/\/i0.wp.com\/cdnoticias.com\/wp-content\/uploads\/2025\/06\/frio-invierno-04-1.jpg?fit=1000%2C557&ssl=1","jetpack_sharing_enabled":true,"_links":{"self":[{"href":"https:\/\/cdnoticias.com\/index.php\/wp-json\/wp\/v2\/posts\/201597","targetHints":{"allow":["GET"]}}],"collection":[{"href":"https:\/\/cdnoticias.com\/index.php\/wp-json\/wp\/v2\/posts"}],"about":[{"href":"https:\/\/cdnoticias.com\/index.php\/wp-json\/wp\/v2\/types\/post"}],"author":[{"embeddable":true,"href":"https:\/\/cdnoticias.com\/index.php\/wp-json\/wp\/v2\/users\/5"}],"replies":[{"embeddable":true,"href":"https:\/\/cdnoticias.com\/index.php\/wp-json\/wp\/v2\/comments?post=201597"}],"version-history":[{"count":2,"href":"https:\/\/cdnoticias.com\/index.php\/wp-json\/wp\/v2\/posts\/201597\/revisions"}],"predecessor-version":[{"id":201600,"href":"https:\/\/cdnoticias.com\/index.php\/wp-json\/wp\/v2\/posts\/201597\/revisions\/201600"}],"wp:featuredmedia":[{"embeddable":true,"href":"https:\/\/cdnoticias.com\/index.php\/wp-json\/wp\/v2\/media\/175062"}],"wp:attachment":[{"href":"https:\/\/cdnoticias.com\/index.php\/wp-json\/wp\/v2\/media?parent=201597"}],"wp:term":[{"taxonomy":"category","embeddable":true,"href":"https:\/\/cdnoticias.com\/index.php\/wp-json\/wp\/v2\/categories?post=201597"},{"taxonomy":"post_tag","embeddable":true,"href":"https:\/\/cdnoticias.com\/index.php\/wp-json\/wp\/v2\/tags?post=201597"}],"curies":[{"name":"wp","href":"https:\/\/api.w.org\/{rel}","templated":true}]}}