{"id":20158,"date":"2021-04-29T09:49:14","date_gmt":"2021-04-29T12:49:14","guid":{"rendered":"http:\/\/www.centraldenoticias.com.ar\/?p=20158"},"modified":"2021-04-29T12:50:19","modified_gmt":"2021-04-29T15:50:19","slug":"la-casa-de-la-provincia-una-inversion-de-1936-millones-en-olavarria","status":"publish","type":"post","link":"https:\/\/cdnoticias.com\/index.php\/2021\/04\/29\/la-casa-de-la-provincia-una-inversion-de-1936-millones-en-olavarria\/","title":{"rendered":"La Casa de la Provincia, una inversi\u00f3n de 193,6 millones en Olavarr\u00eda"},"content":{"rendered":"<p>Se abri\u00f3 la licitaci\u00f3n para la construcci\u00f3n del edificio. Federico Aguilera adelant\u00f3 que se emplazar\u00e1 en El Provincial. Las ofertas se conocer\u00e1n en la segunda mitad de mayo.<!--more--><\/p>\n<hr \/>\n<p><strong>El Ministerio de Infraestructura de la Provincia de Buenos Aires abri\u00f3 hace pocas horas la licitaci\u00f3n para la construcci\u00f3n de la Casa de la Provincia en Olavarr\u00eda<\/strong>.<\/p>\n<p>&nbsp;<\/p>\n<blockquote><p>Federico Aguilera adelant\u00f3 a Central de Noticias que la obra se emplazar\u00e1 en un terreno de El Provincial.<\/p><\/blockquote>\n<p>&nbsp;<\/p>\n<p>Para la licitaci\u00f3n p\u00fablica 45\/2021 de la cartera que conduce el ministro Agust\u00edn Simone<strong> se dispusieron 193.605.254 millones de pesos<\/strong>.\u00a0El prototipo de edificio que el funcionario del Ministerio de Producci\u00f3n difundi\u00f3 <strong>tendr\u00e1 plantas para ubicar oficinas de atenci\u00f3n al p\u00fablico<\/strong>.<\/p>\n<p>&nbsp;<\/p>\n<p><strong>Las ofertas se conocer\u00e1n el 19 de mayo.<\/strong><\/p>\n<p>&nbsp;<\/p>\n<p>La construcci\u00f3n del edificio<a href=\"https:\/\/cdnoticias.com\/index.php\/2021\/03\/16\/se-construira-la-casa-de-la-provincia-en-olavarria\/\" target=\"_blank\" rel=\"noopener\"> se hab\u00eda anunciado en marzo<\/a>. En estas sedes institucionales, la Provincia\u00a0<strong>busca centralizar toda la gesti\u00f3n bonaerense para articular de mejor manera con los municipios<\/strong>.<\/p>\n","protected":false},"excerpt":{"rendered":"<p>Se abri\u00f3 la licitaci\u00f3n para la construcci\u00f3n del edificio. Federico Aguilera adelant\u00f3 que se emplazar\u00e1 en El Provincial. Las ofertas<\/p>\n","protected":false},"author":4,"featured_media":16372,"comment_status":"closed","ping_status":"closed","sticky":false,"template":"","format":"standard","meta":{"_jetpack_memberships_contains_paid_content":false,"footnotes":""},"categories":[5,1],"tags":[],"class_list":["post-20158","post","type-post","status-publish","format-standard","has-post-thumbnail","hentry","category-informacion-general","category-portada"],"jetpack_featured_media_url":"https:\/\/i0.wp.com\/cdnoticias.com\/wp-content\/uploads\/2021\/03\/EwjiqC7XIAALa3C.jpg?fit=1280%2C852&ssl=1","jetpack_sharing_enabled":true,"_links":{"self":[{"href":"https:\/\/cdnoticias.com\/index.php\/wp-json\/wp\/v2\/posts\/20158","targetHints":{"allow":["GET"]}}],"collection":[{"href":"https:\/\/cdnoticias.com\/index.php\/wp-json\/wp\/v2\/posts"}],"about":[{"href":"https:\/\/cdnoticias.com\/index.php\/wp-json\/wp\/v2\/types\/post"}],"author":[{"embeddable":true,"href":"https:\/\/cdnoticias.com\/index.php\/wp-json\/wp\/v2\/users\/4"}],"replies":[{"embeddable":true,"href":"https:\/\/cdnoticias.com\/index.php\/wp-json\/wp\/v2\/comments?post=20158"}],"version-history":[{"count":0,"href":"https:\/\/cdnoticias.com\/index.php\/wp-json\/wp\/v2\/posts\/20158\/revisions"}],"wp:featuredmedia":[{"embeddable":true,"href":"https:\/\/cdnoticias.com\/index.php\/wp-json\/wp\/v2\/media\/16372"}],"wp:attachment":[{"href":"https:\/\/cdnoticias.com\/index.php\/wp-json\/wp\/v2\/media?parent=20158"}],"wp:term":[{"taxonomy":"category","embeddable":true,"href":"https:\/\/cdnoticias.com\/index.php\/wp-json\/wp\/v2\/categories?post=20158"},{"taxonomy":"post_tag","embeddable":true,"href":"https:\/\/cdnoticias.com\/index.php\/wp-json\/wp\/v2\/tags?post=20158"}],"curies":[{"name":"wp","href":"https:\/\/api.w.org\/{rel}","templated":true}]}}