{"id":201570,"date":"2026-04-26T11:59:25","date_gmt":"2026-04-26T14:59:25","guid":{"rendered":"https:\/\/cdnoticias.com\/?p=201570"},"modified":"2026-04-26T11:59:27","modified_gmt":"2026-04-26T14:59:27","slug":"la-libertad-avanza-olavarria-participo-del-lanzamiento-del-ciclo-lectivo-2026-de-efdap","status":"publish","type":"post","link":"https:\/\/cdnoticias.com\/index.php\/2026\/04\/26\/la-libertad-avanza-olavarria-participo-del-lanzamiento-del-ciclo-lectivo-2026-de-efdap\/","title":{"rendered":"La Libertad Avanza Olavarr\u00eda particip\u00f3 del lanzamiento del ciclo lectivo 2026 de EFDAP"},"content":{"rendered":"\n<p>Participaron los referentes locales Celeste Arouxet y Guillermo Lascano. Se destac\u00f3 la formaci\u00f3n pol\u00edtica como eje para consolidar un proyecto basado en la libertad.<\/p>\n\n\n\n<hr class=\"wp-block-separator aligncenter has-alpha-channel-opacity\"\/>\n\n\n\n<p>Desde el espacio<strong> La Libertad Avanza Olavarr\u00eda informaron su participaci\u00f3n en el lanzamiento oficial del ciclo lectivo 2026 de la Escuela de Formaci\u00f3n, Debate y An\u00e1lisis Pol\u00edtico (EFDAP), <\/strong>un \u00e1mbito orientado a la capacitaci\u00f3n de dirigentes pol\u00edticos.<\/p>\n\n\n\n<p>La comitiva local estuvo encabezada por <strong>la titular de Anses regional, Celeste Arouxet y el titular de PAMI local y concejal Guillermo Lascano.<\/strong><\/p>\n\n\n\n<p>El encuentro reuni\u00f3 a referentes de distintos niveles del espacio, entre ellos Miriam Niveyro, directora general de EFDAP y diputada nacional; Gast\u00f3n Bruno, director provincial de Docentes; <strong>Diego Valenzuela; Sebasti\u00e1n Pareja, presidente de La Libertad Avanza en la provincia de Buenos Aires; y Karina Milei, presidenta del espacio a nivel nacional.<\/strong><\/p>\n\n\n\n<p>Durante la jornada se remarc\u00f3 <strong>la relevancia de la formaci\u00f3n pol\u00edtica como herramienta clave para fortalecer un proyecto de pa\u00eds basado en los principios de la libertad, el m\u00e9rito y la responsabilidad individual.<\/strong><\/p>\n\n\n\n<p>Desde <strong>La Libertad Avanza Olavarr\u00eda <\/strong>se\u00f1alaron que continuar\u00e1n trabajando en la formaci\u00f3n de dirigentes y en la consolidaci\u00f3n de sus ideas con el objetivo de proyectar un \u201cfuturo distinto\u201d.<\/p>\n","protected":false},"excerpt":{"rendered":"<p>Participaron los referentes locales Celeste Arouxet y Guillermo Lascano. Se destac\u00f3 la formaci\u00f3n pol\u00edtica como eje para consolidar un proyecto<\/p>\n","protected":false},"author":2,"featured_media":201571,"comment_status":"closed","ping_status":"closed","sticky":false,"template":"","format":"standard","meta":{"_jetpack_memberships_contains_paid_content":false,"footnotes":""},"categories":[4,1],"tags":[],"class_list":["post-201570","post","type-post","status-publish","format-standard","has-post-thumbnail","hentry","category-politica","category-portada"],"jetpack_featured_media_url":"https:\/\/i0.wp.com\/cdnoticias.com\/wp-content\/uploads\/2026\/04\/WhatsApp-Image-2026-04-26-at-11.55.16.jpeg?fit=1170%2C847&ssl=1","jetpack_sharing_enabled":true,"_links":{"self":[{"href":"https:\/\/cdnoticias.com\/index.php\/wp-json\/wp\/v2\/posts\/201570","targetHints":{"allow":["GET"]}}],"collection":[{"href":"https:\/\/cdnoticias.com\/index.php\/wp-json\/wp\/v2\/posts"}],"about":[{"href":"https:\/\/cdnoticias.com\/index.php\/wp-json\/wp\/v2\/types\/post"}],"author":[{"embeddable":true,"href":"https:\/\/cdnoticias.com\/index.php\/wp-json\/wp\/v2\/users\/2"}],"replies":[{"embeddable":true,"href":"https:\/\/cdnoticias.com\/index.php\/wp-json\/wp\/v2\/comments?post=201570"}],"version-history":[{"count":1,"href":"https:\/\/cdnoticias.com\/index.php\/wp-json\/wp\/v2\/posts\/201570\/revisions"}],"predecessor-version":[{"id":201572,"href":"https:\/\/cdnoticias.com\/index.php\/wp-json\/wp\/v2\/posts\/201570\/revisions\/201572"}],"wp:featuredmedia":[{"embeddable":true,"href":"https:\/\/cdnoticias.com\/index.php\/wp-json\/wp\/v2\/media\/201571"}],"wp:attachment":[{"href":"https:\/\/cdnoticias.com\/index.php\/wp-json\/wp\/v2\/media?parent=201570"}],"wp:term":[{"taxonomy":"category","embeddable":true,"href":"https:\/\/cdnoticias.com\/index.php\/wp-json\/wp\/v2\/categories?post=201570"},{"taxonomy":"post_tag","embeddable":true,"href":"https:\/\/cdnoticias.com\/index.php\/wp-json\/wp\/v2\/tags?post=201570"}],"curies":[{"name":"wp","href":"https:\/\/api.w.org\/{rel}","templated":true}]}}